{"id":10550,"date":"2022-05-18T09:14:49","date_gmt":"2022-05-18T07:14:49","guid":{"rendered":"https:\/\/yerelsen.org.tr\/?p=10550"},"modified":"2022-05-18T09:16:55","modified_gmt":"2022-05-18T07:16:55","slug":"19-mayis-ataturku-anma-genclik-ve-spor-bayrami-kutlu-olsun-3","status":"publish","type":"post","link":"https:\/\/yerelsen.org.tr\/index.php\/19-mayis-ataturku-anma-genclik-ve-spor-bayrami-kutlu-olsun-3\/","title":{"rendered":"19 May\u0131s Atat\u00fcrk\u2019\u00fc Anma, Gen\u00e7lik ve Spor Bayram\u0131 Kutlu Olsun"},"content":{"rendered":"<p>&nbsp;<\/p>\n<p>Milli m\u00fccadelenin ba\u015flad\u0131\u011f\u0131, ba\u011f\u0131ms\u0131zl\u0131\u011f\u0131m\u0131za giden s\u00fcrecin en \u00f6nemli kav\u015faklar\u0131ndan biri olan 19 May\u0131s 1919 tarihinin y\u0131ld\u00f6n\u00fcm\u00fcn\u00fc co\u015fkuyla kutluyoruz. K\u00fcresel g\u00fc\u00e7lere, emperyalist s\u00f6m\u00fcr\u00fcc\u00fclere kar\u015f\u0131 t\u00fcm d\u00fcnya halklar\u0131 i\u00e7in \u00f6rnek m\u00fccadelede \u015fehadete ula\u015fm\u0131\u015f t\u00fcm \u015fehitlerimizi rahmet ve minnet ile an\u0131yor, 19 May\u0131s Atat\u00fcrk\u2019\u00fc Anma, Gen\u00e7lik ve Spor Bayram\u0131\u2019n\u0131n t\u00fcm halk\u0131m\u0131za kutlu olmas\u0131n\u0131 temenni ediyoruz.<\/p>\n<p>Ekrem Y\u00dcCE<br \/>\nYerelsen Y\u00f6netim Kurulu Ba\u015fkan\u0131<\/p>\n<p><img loading=\"lazy\" decoding=\"async\" class=\"alignnone size-medium wp-image-10551\" src=\"https:\/\/yerelsen.org.tr\/wp-content\/uploads\/2022\/05\/19-Mayis-Ataturku-Anma-Genclik-ve-Spor-Bayrami-Instagram-Gonderisi-620x620.png\" alt=\"\" width=\"620\" height=\"620\" srcset=\"https:\/\/yerelsen.org.tr\/wp-content\/uploads\/2022\/05\/19-Mayis-Ataturku-Anma-Genclik-ve-Spor-Bayrami-Instagram-Gonderisi-620x620.png 620w, https:\/\/yerelsen.org.tr\/wp-content\/uploads\/2022\/05\/19-Mayis-Ataturku-Anma-Genclik-ve-Spor-Bayrami-Instagram-Gonderisi-850x850.png 850w, https:\/\/yerelsen.org.tr\/wp-content\/uploads\/2022\/05\/19-Mayis-Ataturku-Anma-Genclik-ve-Spor-Bayrami-Instagram-Gonderisi-140x140.png 140w, https:\/\/yerelsen.org.tr\/wp-content\/uploads\/2022\/05\/19-Mayis-Ataturku-Anma-Genclik-ve-Spor-Bayrami-Instagram-Gonderisi-768x768.png 768w, https:\/\/yerelsen.org.tr\/wp-content\/uploads\/2022\/05\/19-Mayis-Ataturku-Anma-Genclik-ve-Spor-Bayrami-Instagram-Gonderisi.png 1080w\" sizes=\"auto, (max-width: 620px) 100vw, 620px\" \/><\/p>\n<p>&nbsp;<\/p>\n","protected":false},"excerpt":{"rendered":"&nbsp; Milli m\u00fccadelenin ba\u015flad\u0131\u011f\u0131, ba\u011f\u0131ms\u0131zl\u0131\u011f\u0131m\u0131za giden s\u00fcrecin en \u00f6nemli kav\u015faklar\u0131ndan biri olan 19 May\u0131s 1919 tarihinin y\u0131ld\u00f6n\u00fcm\u00fcn\u00fc co\u015fkuyla kutluyoruz. K\u00fcresel [&hellip;]","protected":false},"author":4,"featured_media":10551,"comment_status":"closed","ping_status":"closed","sticky":false,"template":"","format":"standard","meta":{"footnotes":""},"categories":[1],"tags":[],"class_list":["post-10550","post","type-post","status-publish","format-standard","has-post-thumbnail","hentry","category-haberler"],"_links":{"self":[{"href":"https:\/\/yerelsen.org.tr\/index.php\/wp-json\/wp\/v2\/posts\/10550","targetHints":{"allow":["GET"]}}],"collection":[{"href":"https:\/\/yerelsen.org.tr\/index.php\/wp-json\/wp\/v2\/posts"}],"about":[{"href":"https:\/\/yerelsen.org.tr\/index.php\/wp-json\/wp\/v2\/types\/post"}],"author":[{"embeddable":true,"href":"https:\/\/yerelsen.org.tr\/index.php\/wp-json\/wp\/v2\/users\/4"}],"replies":[{"embeddable":true,"href":"https:\/\/yerelsen.org.tr\/index.php\/wp-json\/wp\/v2\/comments?post=10550"}],"version-history":[{"count":4,"href":"https:\/\/yerelsen.org.tr\/index.php\/wp-json\/wp\/v2\/posts\/10550\/revisions"}],"predecessor-version":[{"id":10555,"href":"https:\/\/yerelsen.org.tr\/index.php\/wp-json\/wp\/v2\/posts\/10550\/revisions\/10555"}],"wp:featuredmedia":[{"embeddable":true,"href":"https:\/\/yerelsen.org.tr\/index.php\/wp-json\/wp\/v2\/media\/10551"}],"wp:attachment":[{"href":"https:\/\/yerelsen.org.tr\/index.php\/wp-json\/wp\/v2\/media?parent=10550"}],"wp:term":[{"taxonomy":"category","embeddable":true,"href":"https:\/\/yerelsen.org.tr\/index.php\/wp-json\/wp\/v2\/categories?post=10550"},{"taxonomy":"post_tag","embeddable":true,"href":"https:\/\/yerelsen.org.tr\/index.php\/wp-json\/wp\/v2\/tags?post=10550"}],"curies":[{"name":"wp","href":"https:\/\/api.w.org\/{rel}","templated":true}]}}