{"id":10608,"date":"2022-10-29T11:30:57","date_gmt":"2022-10-29T09:30:57","guid":{"rendered":"https:\/\/yerelsen.org.tr\/?p=10608"},"modified":"2022-10-29T11:30:57","modified_gmt":"2022-10-29T09:30:57","slug":"29-ekim-cumhuriyet-bayrami-kutlu-olsun-3","status":"publish","type":"post","link":"https:\/\/yerelsen.org.tr\/index.php\/29-ekim-cumhuriyet-bayrami-kutlu-olsun-3\/","title":{"rendered":"29 Ekim Cumhuriyet Bayram\u0131 Kutlu Olsun"},"content":{"rendered":"<p><img loading=\"lazy\" decoding=\"async\" class=\"aligncenter  wp-image-10609\" src=\"https:\/\/yerelsen.org.tr\/wp-content\/uploads\/2022\/10\/29ekim.jpg\" alt=\"\" width=\"697\" height=\"392\" srcset=\"https:\/\/yerelsen.org.tr\/wp-content\/uploads\/2022\/10\/29ekim.jpg 740w, https:\/\/yerelsen.org.tr\/wp-content\/uploads\/2022\/10\/29ekim-620x349.jpg 620w\" sizes=\"auto, (max-width: 697px) 100vw, 697px\" \/><\/p>\n<p>Cumhuriyetimizin kurulu\u015funun 99. y\u0131l\u0131n\u0131 b\u00fcy\u00fck bir co\u015fku ve heyecanla idrak ediyoruz. K\u00fcresel emperyalist g\u00fc\u00e7lere kar\u015f\u0131 \u00f6zg\u00fcrl\u00fc\u011f\u00fc i\u00e7in can\u0131 pahas\u0131na m\u00fccadele eden aziz milletimizin gurur ve heyecan\u0131n\u0131 ilk g\u00fcnk\u00fc gibi b\u00fcy\u00fck bir co\u015fku ile ya\u015f\u0131yoruz.<\/p>\n<p>Bu vesileyle 99 y\u0131ll\u0131k Cumhuriyetimizin Cumhuriyet bayram\u0131n\u0131 kutluyor, ba\u011f\u0131ms\u0131zl\u0131k i\u00e7in m\u00fccadele vermi\u015f ve bu u\u011furda b\u00fcy\u00fck fedakarl\u0131klar g\u00f6stermi\u015f t\u00fcm \u015fehitlerimize Allah&#8217;tan rahmet diliyoruz.<\/p>\n<p>Yerelsen Genel Ba\u015fkan\u0131<br \/>\nEkrem Y\u00dcCE<\/p>\n","protected":false},"excerpt":{"rendered":"Cumhuriyetimizin kurulu\u015funun 99. y\u0131l\u0131n\u0131 b\u00fcy\u00fck bir co\u015fku ve heyecanla idrak ediyoruz. K\u00fcresel emperyalist g\u00fc\u00e7lere kar\u015f\u0131 \u00f6zg\u00fcrl\u00fc\u011f\u00fc i\u00e7in can\u0131 pahas\u0131na m\u00fccadele [&hellip;]","protected":false},"author":3,"featured_media":10609,"comment_status":"closed","ping_status":"closed","sticky":false,"template":"","format":"standard","meta":{"footnotes":""},"categories":[1],"tags":[],"class_list":["post-10608","post","type-post","status-publish","format-standard","has-post-thumbnail","hentry","category-haberler"],"_links":{"self":[{"href":"https:\/\/yerelsen.org.tr\/index.php\/wp-json\/wp\/v2\/posts\/10608","targetHints":{"allow":["GET"]}}],"collection":[{"href":"https:\/\/yerelsen.org.tr\/index.php\/wp-json\/wp\/v2\/posts"}],"about":[{"href":"https:\/\/yerelsen.org.tr\/index.php\/wp-json\/wp\/v2\/types\/post"}],"author":[{"embeddable":true,"href":"https:\/\/yerelsen.org.tr\/index.php\/wp-json\/wp\/v2\/users\/3"}],"replies":[{"embeddable":true,"href":"https:\/\/yerelsen.org.tr\/index.php\/wp-json\/wp\/v2\/comments?post=10608"}],"version-history":[{"count":1,"href":"https:\/\/yerelsen.org.tr\/index.php\/wp-json\/wp\/v2\/posts\/10608\/revisions"}],"predecessor-version":[{"id":10610,"href":"https:\/\/yerelsen.org.tr\/index.php\/wp-json\/wp\/v2\/posts\/10608\/revisions\/10610"}],"wp:featuredmedia":[{"embeddable":true,"href":"https:\/\/yerelsen.org.tr\/index.php\/wp-json\/wp\/v2\/media\/10609"}],"wp:attachment":[{"href":"https:\/\/yerelsen.org.tr\/index.php\/wp-json\/wp\/v2\/media?parent=10608"}],"wp:term":[{"taxonomy":"category","embeddable":true,"href":"https:\/\/yerelsen.org.tr\/index.php\/wp-json\/wp\/v2\/categories?post=10608"},{"taxonomy":"post_tag","embeddable":true,"href":"https:\/\/yerelsen.org.tr\/index.php\/wp-json\/wp\/v2\/tags?post=10608"}],"curies":[{"name":"wp","href":"https:\/\/api.w.org\/{rel}","templated":true}]}}