{"id":10958,"date":"2026-05-01T13:14:37","date_gmt":"2026-05-01T11:14:37","guid":{"rendered":"https:\/\/yerelsen.org.tr\/?p=10958"},"modified":"2026-05-01T13:14:37","modified_gmt":"2026-05-01T11:14:37","slug":"1-mayis-emek-ve-dayanisma-gunu-kutlu-olsun-6","status":"publish","type":"post","link":"https:\/\/yerelsen.org.tr\/index.php\/1-mayis-emek-ve-dayanisma-gunu-kutlu-olsun-6\/","title":{"rendered":"1 May\u0131s Emek ve Dayan\u0131\u015fma G\u00fcn\u00fc Kutlu Olsun"},"content":{"rendered":"<p><img loading=\"lazy\" decoding=\"async\" class=\"aligncenter  wp-image-9639\" src=\"https:\/\/yerelsen.org.tr\/wp-content\/uploads\/2020\/05\/1mayiss-850x405.jpg\" alt=\"\" width=\"699\" height=\"333\" srcset=\"https:\/\/yerelsen.org.tr\/wp-content\/uploads\/2020\/05\/1mayiss-850x405.jpg 850w, https:\/\/yerelsen.org.tr\/wp-content\/uploads\/2020\/05\/1mayiss-620x295.jpg 620w, https:\/\/yerelsen.org.tr\/wp-content\/uploads\/2020\/05\/1mayiss-768x366.jpg 768w, https:\/\/yerelsen.org.tr\/wp-content\/uploads\/2020\/05\/1mayiss-420x201.jpg 420w, https:\/\/yerelsen.org.tr\/wp-content\/uploads\/2020\/05\/1mayiss.jpg 897w\" sizes=\"auto, (max-width: 699px) 100vw, 699px\" \/><\/p>\n<p>\u00dclkemizin kalk\u0131nmas\u0131, milletimizin g\u00fc\u00e7lenmesi i\u00e7in al\u0131n teri d\u00f6ken t\u00fcm i\u015f\u00e7i karde\u015flerimizin 1 May\u0131s Emek ve Dayan\u0131\u015fma G\u00fcn\u00fc&#8217;n\u00fc tebrik ediyorum.<\/p>\n<p>Do\u00e7. Dr. TAH\u0130R B\u00dcY\u00dcKAKIN<br \/>\nYERELSEN Genel Ba\u015fkan\u0131<\/p>\n","protected":false},"excerpt":{"rendered":"\u00dclkemizin kalk\u0131nmas\u0131, milletimizin g\u00fc\u00e7lenmesi i\u00e7in al\u0131n teri d\u00f6ken t\u00fcm i\u015f\u00e7i karde\u015flerimizin 1 May\u0131s Emek ve Dayan\u0131\u015fma G\u00fcn\u00fc&#8217;n\u00fc tebrik ediyorum. Do\u00e7. [&hellip;]","protected":false},"author":3,"featured_media":9639,"comment_status":"closed","ping_status":"closed","sticky":false,"template":"","format":"standard","meta":{"footnotes":""},"categories":[15],"tags":[],"class_list":["post-10958","post","type-post","status-publish","format-standard","has-post-thumbnail","hentry","category-duyurular"],"_links":{"self":[{"href":"https:\/\/yerelsen.org.tr\/index.php\/wp-json\/wp\/v2\/posts\/10958","targetHints":{"allow":["GET"]}}],"collection":[{"href":"https:\/\/yerelsen.org.tr\/index.php\/wp-json\/wp\/v2\/posts"}],"about":[{"href":"https:\/\/yerelsen.org.tr\/index.php\/wp-json\/wp\/v2\/types\/post"}],"author":[{"embeddable":true,"href":"https:\/\/yerelsen.org.tr\/index.php\/wp-json\/wp\/v2\/users\/3"}],"replies":[{"embeddable":true,"href":"https:\/\/yerelsen.org.tr\/index.php\/wp-json\/wp\/v2\/comments?post=10958"}],"version-history":[{"count":1,"href":"https:\/\/yerelsen.org.tr\/index.php\/wp-json\/wp\/v2\/posts\/10958\/revisions"}],"predecessor-version":[{"id":10959,"href":"https:\/\/yerelsen.org.tr\/index.php\/wp-json\/wp\/v2\/posts\/10958\/revisions\/10959"}],"wp:featuredmedia":[{"embeddable":true,"href":"https:\/\/yerelsen.org.tr\/index.php\/wp-json\/wp\/v2\/media\/9639"}],"wp:attachment":[{"href":"https:\/\/yerelsen.org.tr\/index.php\/wp-json\/wp\/v2\/media?parent=10958"}],"wp:term":[{"taxonomy":"category","embeddable":true,"href":"https:\/\/yerelsen.org.tr\/index.php\/wp-json\/wp\/v2\/categories?post=10958"},{"taxonomy":"post_tag","embeddable":true,"href":"https:\/\/yerelsen.org.tr\/index.php\/wp-json\/wp\/v2\/tags?post=10958"}],"curies":[{"name":"wp","href":"https:\/\/api.w.org\/{rel}","templated":true}]}}