{"id":10969,"date":"2026-08-30T11:43:23","date_gmt":"2026-08-30T09:43:23","guid":{"rendered":"https:\/\/yerelsen.org.tr\/?p=10969"},"modified":"2026-09-02T11:45:08","modified_gmt":"2026-09-02T09:45:08","slug":"30-agustos-zafer-bayrami-kutlu-olsun-7","status":"publish","type":"post","link":"https:\/\/yerelsen.org.tr\/index.php\/30-agustos-zafer-bayrami-kutlu-olsun-7\/","title":{"rendered":"30 A\u011fustos Zafer Bayram\u0131 Kutlu Olsun"},"content":{"rendered":"<p><img loading=\"lazy\" decoding=\"async\" class=\"aligncenter wp-image-10569\" src=\"https:\/\/yerelsen.org.tr\/wp-content\/uploads\/2022\/08\/30agustos.webp\" alt=\"\" width=\"700\" height=\"394\" srcset=\"https:\/\/yerelsen.org.tr\/wp-content\/uploads\/2022\/08\/30agustos.webp 750w, https:\/\/yerelsen.org.tr\/wp-content\/uploads\/2022\/08\/30agustos-620x349.webp 620w\" sizes=\"auto, (max-width: 700px) 100vw, 700px\" \/><\/p>\n<p>&nbsp;<\/p>\n<p>Cumhuriyetin kurulu\u015f d\u00f6neminin en \u00f6nemli d\u00f6neme\u00e7lerinden birini ifade eden 30 A\u011fustos Zafer Bayram\u0131&#8217;n\u0131 kutluyor, t\u00fcm halk\u0131m\u0131z i\u00e7in ba\u011f\u0131ms\u0131zl\u0131\u011f\u0131m\u0131z\u0131n birle\u015ftirici bir unsuru olarak ta\u015f\u0131d\u0131\u011f\u0131 \u00f6nemi yeniden hat\u0131rlatmak istiyoruz. Milletimizin b\u00fcy\u00fck y\u0131k\u0131m ve kay\u0131plara ra\u011fmen bitmeyen m\u00fccadele azmi ve direnci sayesinde kazan\u0131lan ba\u011f\u0131ms\u0131zl\u0131\u011f\u0131n\u0131n bir sembol\u00fc olan 30 A\u011fustos Zafer Bayram\u0131&#8217;nda t\u00fcm gazi ve \u015fehitlerimizi tekrar rahmetle an\u0131yoruz.<\/p>\n<p>Do\u00e7. Dr. TAH\u0130R B\u00dcY\u00dcKAKIN<br \/>\nYERELSEN Genel Ba\u015fkan\u0131<\/p>\n","protected":false},"excerpt":{"rendered":"&nbsp; Cumhuriyetin kurulu\u015f d\u00f6neminin en \u00f6nemli d\u00f6neme\u00e7lerinden birini ifade eden 30 A\u011fustos Zafer Bayram\u0131&#8217;n\u0131 kutluyor, t\u00fcm halk\u0131m\u0131z i\u00e7in ba\u011f\u0131ms\u0131zl\u0131\u011f\u0131m\u0131z\u0131n birle\u015ftirici [&hellip;]","protected":false},"author":3,"featured_media":10766,"comment_status":"closed","ping_status":"closed","sticky":false,"template":"","format":"standard","meta":{"footnotes":""},"categories":[1],"tags":[],"class_list":["post-10969","post","type-post","status-publish","format-standard","has-post-thumbnail","hentry","category-haberler"],"_links":{"self":[{"href":"https:\/\/yerelsen.org.tr\/index.php\/wp-json\/wp\/v2\/posts\/10969","targetHints":{"allow":["GET"]}}],"collection":[{"href":"https:\/\/yerelsen.org.tr\/index.php\/wp-json\/wp\/v2\/posts"}],"about":[{"href":"https:\/\/yerelsen.org.tr\/index.php\/wp-json\/wp\/v2\/types\/post"}],"author":[{"embeddable":true,"href":"https:\/\/yerelsen.org.tr\/index.php\/wp-json\/wp\/v2\/users\/3"}],"replies":[{"embeddable":true,"href":"https:\/\/yerelsen.org.tr\/index.php\/wp-json\/wp\/v2\/comments?post=10969"}],"version-history":[{"count":1,"href":"https:\/\/yerelsen.org.tr\/index.php\/wp-json\/wp\/v2\/posts\/10969\/revisions"}],"predecessor-version":[{"id":10970,"href":"https:\/\/yerelsen.org.tr\/index.php\/wp-json\/wp\/v2\/posts\/10969\/revisions\/10970"}],"wp:featuredmedia":[{"embeddable":true,"href":"https:\/\/yerelsen.org.tr\/index.php\/wp-json\/wp\/v2\/media\/10766"}],"wp:attachment":[{"href":"https:\/\/yerelsen.org.tr\/index.php\/wp-json\/wp\/v2\/media?parent=10969"}],"wp:term":[{"taxonomy":"category","embeddable":true,"href":"https:\/\/yerelsen.org.tr\/index.php\/wp-json\/wp\/v2\/categories?post=10969"},{"taxonomy":"post_tag","embeddable":true,"href":"https:\/\/yerelsen.org.tr\/index.php\/wp-json\/wp\/v2\/tags?post=10969"}],"curies":[{"name":"wp","href":"https:\/\/api.w.org\/{rel}","templated":true}]}}