{"id":1552,"date":"2011-12-21T10:51:56","date_gmt":"2011-12-21T08:51:56","guid":{"rendered":"https:\/\/yerelsen.org.tr\/?p=1552"},"modified":"2011-12-21T11:12:51","modified_gmt":"2011-12-21T09:12:51","slug":"yerelsen-3-olagan-genel-kurulu-tamamlandi","status":"publish","type":"post","link":"https:\/\/yerelsen.org.tr\/index.php\/yerelsen-3-olagan-genel-kurulu-tamamlandi\/","title":{"rendered":"YERELSEN 3.Ola\u011fan Genel Kurulu tamamland\u0131\u2026"},"content":{"rendered":"<p>K\u0131sa ad\u0131 Yerelsen olan Yerel Y\u00f6netimler Kamu \u0130\u015fverenleri Sendikas\u0131 3.Ola\u011fan Genel Kurulunu tamamlad\u0131.<\/p>\n<p>17-18 Aral\u0131k Tarihlerinde Kocaeli Fuar Alan\u0131nda bulunan Leyla Atakan K\u00fclt\u00fcr Merkezinde yap\u0131lan Genel Kurul Yerelsen\u2019e\u00a0 \u00fcye\u00a0 Belediye Ba\u015fkanlar\u0131 ve delegelerin yo\u011fun kat\u0131l\u0131m\u0131yla ger\u00e7ekle\u015ftirildi.<\/p>\n<p style=\"text-align: center;\"><a href=\"https:\/\/yerelsen.org.tr\/wp-content\/uploads\/2011\/12\/IMG_0988.jpg\"><img loading=\"lazy\" decoding=\"async\" class=\"aligncenter  wp-image-1561\" title=\"IMG_0988\" src=\"https:\/\/yerelsen.org.tr\/wp-content\/uploads\/2011\/12\/IMG_0988-440x250.jpg\" alt=\"\" width=\"619\" height=\"331\" \/><\/a>\u00a0<\/p>\n<p><strong>Kat\u0131l\u0131m olduk\u00e7a yo\u011fundu\u2026.<\/strong><\/p>\n<p>Yap\u0131lan genel kurula kat\u0131l\u0131m\u0131n y\u00fcksek oldu\u011fu g\u00f6zlendi. Sendika y\u00f6netim, denetim ve disiplin\u00a0 kurulu \u00fcyelerinin yan\u0131 s\u0131ra sendikaya \u00fcye belediye ba\u015fkanlar\u0131, belediye \u00e7al\u0131\u015fanlar\u0131, \u00dclkemizdeki \u00fc\u00e7 b\u00fcy\u00fck konfederasyon olan T\u00fcrk i\u015f, Hak i\u015f ve Disk temsilcileri ile bir\u00e7ok sendikan\u0131n y\u00f6neticileri ve temsilcileri ve de\u00a0 bas\u0131n mensuplar\u0131 i\u015ftirak etti. 17 Aral\u0131k Cumartesi g\u00fcn\u00fc \u00a0sayg\u0131 duru\u015fu ve \u0130stiklal Mar\u015f\u0131n\u0131n okunmas\u0131yla ba\u015flayan\u00a0 Genel Kurulun Divan Ba\u015fkanl\u0131\u011f\u0131na Afyonkarahisar Belediye Ba\u015fkan\u0131 Burhanettin \u00c7oban, katip \u00fcyeliklere Arifiye Belediye Ba\u015fkan\u0131 \u0130smail Karakulluk\u00e7u ve Dilovas\u0131 Belediye Ba\u015fkan\u0131\u00a0 Cemil Yaman se\u00e7ildi.<\/p>\n<p><a href=\"https:\/\/yerelsen.org.tr\/wp-content\/uploads\/2011\/12\/IMG_08191.jpg\"><img loading=\"lazy\" decoding=\"async\" class=\"aligncenter  wp-image-1565\" title=\"IMG_0819\" src=\"https:\/\/yerelsen.org.tr\/wp-content\/uploads\/2011\/12\/IMG_08191-440x250.jpg\" alt=\"\" width=\"617\" height=\"322\" \/><\/a><\/p>\n<p>Toplant\u0131da a\u00e7\u0131l\u0131\u015f konu\u015fmas\u0131n\u0131 yapan Genel Ba\u015fkan Zeki To\u00e7o\u011flu; Her ge\u00e7en g\u00fcn b\u00fcy\u00fcyen ve geli\u015fen Sendikan\u0131n kurulu\u015ftan bu g\u00fcne kadar ger\u00e7ekle\u015ftirdi\u011fi hizmetlerini anlatt\u0131. YERELSEN\u2019in art\u0131k \u00fclke \u00e7ap\u0131nda tan\u0131nan bir sendika oldu\u011funu \u00a0s\u00f6yledi. Yerelsen\u2019in sadece klasik sendikac\u0131l\u0131k yapmad\u0131\u011f\u0131n\u0131, sosyal, siyasal ve toplumsal konulardaki projelerde faaliyetlerde bulundu\u011funu ve g\u00f6r\u00fc\u015f belirtti\u011fini s\u00f6yledi.<\/p>\n<p><a href=\"https:\/\/yerelsen.org.tr\/wp-content\/uploads\/2011\/12\/IMG_0806.jpg\"><img loading=\"lazy\" decoding=\"async\" class=\"aligncenter  wp-image-1567\" title=\"IMG_0806\" src=\"https:\/\/yerelsen.org.tr\/wp-content\/uploads\/2011\/12\/IMG_0806-440x250.jpg\" alt=\"\" width=\"613\" height=\"356\" \/><\/a><\/p>\n<p>Kat\u0131l\u0131mc\u0131lara i\u015ftiraklerinden dolay\u0131 \u00e7ok te\u015fekk\u00fcr eden To\u00e7o\u011flu, kongrenin hay\u0131rl\u0131 olmas\u0131n\u0131 temenni etti.<\/p>\n<p>To\u00e7o\u011flundan sonra s\u0131ras\u0131yla G\u00f6lc\u00fck Belediye Ba\u015fkan\u0131, T\u00fcrk i\u015f, Hak \u0130\u015f ve Disk temsilcileri birer konu\u015fma yapt\u0131lar.<\/p>\n<p>Yap\u0131lan konu\u015fmalardan sonra \u00a0\u00a0g\u00fcndemdeki di\u011fer maddelerin g\u00f6r\u00fc\u015fmeleri yap\u0131larak ilk g\u00fcnk\u00fc \u00e7al\u0131\u015fmalar tamamland\u0131.<\/p>\n<p>&nbsp;<\/p>\n<p><strong>2.G\u00fcn se\u00e7imler yap\u0131ld\u0131\u2026.<\/strong><\/p>\n<p>Genel kurulun ikinci g\u00fcn\u00fcnde se\u00e7imlere ge\u00e7ildi. Tek liste halinde yap\u0131lan se\u00e7imler sonucu yeni y\u00f6netim, denetim ve disiplin kurulu \u015fu \u00fcyelerden olu\u015ftu.<\/p>\n<p><a href=\"https:\/\/yerelsen.org.tr\/wp-content\/uploads\/2011\/12\/IMG_0955.jpg\"><img loading=\"lazy\" decoding=\"async\" class=\"aligncenter  wp-image-1569\" title=\"IMG_0955\" src=\"https:\/\/yerelsen.org.tr\/wp-content\/uploads\/2011\/12\/IMG_0955-440x250.jpg\" alt=\"\" width=\"611\" height=\"363\" \/><\/a>\u00a0<\/p>\n<p><strong><span style=\"text-decoration: underline;\">Y\u00f6netim Kurulu:<\/span><\/strong><\/p>\n<p>1) Zeki TO\u00c7O\u011eLU (Sakarya B\u00fcy\u00fck\u015fehir Belediye Ba\u015fkan\u0131)<\/p>\n<p>2) Dr. Mustafa \u00c7\u00d6PO\u011eLU (Kocaeli B\u00fcy\u00fck\u015fehir Belediyesi Genel Sekreter Yard\u0131mc\u0131s\u0131)<\/p>\n<p>3) Ersin YAZICI (Kocaeli B\u00fcy\u00fck\u015fehir Belediyesi Genel Sekreteri)<\/p>\n<p>4) Mehmet ELL\u0130BE\u015e (G\u00f6lc\u00fck Belediye Ba\u015fkan\u0131)<\/p>\n<p>5) Adnan K\u00d6\u015eKER (Gebze Belediye Ba\u015fkan\u0131)<\/p>\n<p>6) \u015e\u00fckr\u00fc KARABACAK (Dar\u0131ca Belediye Ba\u015fkan\u0131)<\/p>\n<p>7) \u015e\u00fckr\u00fc KARABALIK (Kartepe Belediye Ba\u015fkan\u0131)<\/p>\n<p>&nbsp;<\/p>\n<p><strong><span style=\"text-decoration: underline;\">Denetim Kurulu:<\/span><\/strong><\/p>\n<p>1) Burhanettin \u00c7oban (Afyonkarahisar Belediye Ba\u015fkan\u0131)<\/p>\n<p>2) Ali \u0130NC\u0130 (Hendek Belediye Ba\u015fkan\u0131)<\/p>\n<p>3) \u0130lhan BAYRAM (\u0130SU Genel M\u00fcd\u00fcr\u00fc)<\/p>\n<p>&nbsp;<\/p>\n<p><strong><span style=\"text-decoration: underline;\">Disiplin Kurulu:<\/span><\/strong><\/p>\n<p>1)Veli KORKMAZ (K\u0131r\u0131kkale Belediye Ba\u015fkan\u0131)<\/p>\n<p>2) \u0130brahim USLU (Sapanca Belediye Ba\u015fkan\u0131)<\/p>\n<p>3) S\u00fcleyman D\u0130\u015eL\u0130 (Adapazar\u0131 Belediye Ba\u015fkan\u0131)<\/p>\n<p>&nbsp;<\/p>\n<p>.<\/p>\n<p>&nbsp;<\/p>\n","protected":false},"excerpt":{"rendered":"K\u0131sa ad\u0131 Yerelsen olan Yerel Y\u00f6netimler Kamu \u0130\u015fverenleri Sendikas\u0131 3.Ola\u011fan Genel Kurulunu tamamlad\u0131. 17-18 Aral\u0131k Tarihlerinde Kocaeli Fuar Alan\u0131nda bulunan [&hellip;]","protected":false},"author":3,"featured_media":1553,"comment_status":"closed","ping_status":"closed","sticky":false,"template":"","format":"standard","meta":{"footnotes":""},"categories":[1,24,25],"tags":[],"class_list":["post-1552","post","type-post","status-publish","format-standard","has-post-thumbnail","hentry","category-haberler","category-sozlesmeler","category-toplantilar"],"_links":{"self":[{"href":"https:\/\/yerelsen.org.tr\/index.php\/wp-json\/wp\/v2\/posts\/1552","targetHints":{"allow":["GET"]}}],"collection":[{"href":"https:\/\/yerelsen.org.tr\/index.php\/wp-json\/wp\/v2\/posts"}],"about":[{"href":"https:\/\/yerelsen.org.tr\/index.php\/wp-json\/wp\/v2\/types\/post"}],"author":[{"embeddable":true,"href":"https:\/\/yerelsen.org.tr\/index.php\/wp-json\/wp\/v2\/users\/3"}],"replies":[{"embeddable":true,"href":"https:\/\/yerelsen.org.tr\/index.php\/wp-json\/wp\/v2\/comments?post=1552"}],"version-history":[{"count":12,"href":"https:\/\/yerelsen.org.tr\/index.php\/wp-json\/wp\/v2\/posts\/1552\/revisions"}],"predecessor-version":[{"id":1555,"href":"https:\/\/yerelsen.org.tr\/index.php\/wp-json\/wp\/v2\/posts\/1552\/revisions\/1555"}],"wp:featuredmedia":[{"embeddable":true,"href":"https:\/\/yerelsen.org.tr\/index.php\/wp-json\/wp\/v2\/media\/1553"}],"wp:attachment":[{"href":"https:\/\/yerelsen.org.tr\/index.php\/wp-json\/wp\/v2\/media?parent=1552"}],"wp:term":[{"taxonomy":"category","embeddable":true,"href":"https:\/\/yerelsen.org.tr\/index.php\/wp-json\/wp\/v2\/categories?post=1552"},{"taxonomy":"post_tag","embeddable":true,"href":"https:\/\/yerelsen.org.tr\/index.php\/wp-json\/wp\/v2\/tags?post=1552"}],"curies":[{"name":"wp","href":"https:\/\/api.w.org\/{rel}","templated":true}]}}