{"id":1571,"date":"2012-01-03T11:15:14","date_gmt":"2012-01-03T09:15:14","guid":{"rendered":"https:\/\/yerelsen.org.tr\/?p=1571"},"modified":"2012-01-03T11:17:43","modified_gmt":"2012-01-03T09:17:43","slug":"yerelsen-2012nin-ilk-sozlesmesini-derincede-imzaladi","status":"publish","type":"post","link":"https:\/\/yerelsen.org.tr\/index.php\/yerelsen-2012nin-ilk-sozlesmesini-derincede-imzaladi\/","title":{"rendered":"Yerelsen 2012\u2019nin ilk s\u00f6zle\u015fmesini Derince\u2019de imzalad\u0131\u2026"},"content":{"rendered":"<p>Derince \u00a0Belediyesinde \u00e7al\u0131\u015fan 136 i\u015f\u00e7iyi ilgilendiren toplu i\u015f s\u00f6zle\u015fmesinde imzalar geni\u015f bir kat\u0131l\u0131mla Derince Belediyesinde yap\u0131lan t\u00f6renle at\u0131ld\u0131.\u00a0<\/p>\n<p><strong>2012\u2019nin ilk s\u00f6zle\u015fmesi<\/strong><\/p>\n<p>Toplant\u0131ya YERELSEN Genel Sekreteri M\u00fcmtaz Uzun, Uzman Personeller Hasan Tenlik ve Mete Bilgin, Derince Belediye Ba\u015fkan\u0131 Aziz Alemdar, belediye y\u00f6neticileri ve i\u015f\u00e7i sendikas\u0131 ad\u0131na Hizmet \u0130\u015f Sendikas\u0131 yetkilileri ile belediye \u00e7al\u0131\u015fanlar\u0131 kat\u0131ld\u0131. \u0130mzalanan s\u00f6zle\u015fme Yerelsen\u2019in 2012 deki ilk s\u00f6zle\u015fmesi olmas\u0131ndan dolay\u0131 ayr\u0131 bir \u00f6neme sahip oldu.\u00a0<\/p>\n<p><strong><a href=\"https:\/\/yerelsen.org.tr\/wp-content\/uploads\/2012\/01\/DSC_0045.jpg\"><img loading=\"lazy\" decoding=\"async\" class=\"aligncenter  wp-image-1581\" title=\"DSC_0045\" src=\"https:\/\/yerelsen.org.tr\/wp-content\/uploads\/2012\/01\/DSC_0045-440x250.jpg\" alt=\"\" width=\"641\" height=\"352\" \/><\/a><\/strong><\/p>\n<p><strong>Belediye ad\u0131na YERELSEN\u2026<\/strong>\u00a0<\/p>\n<p>Derince Belediyesinde yap\u0131lan toplu i\u015f s\u00f6zle\u015fmesi g\u00f6r\u00fc\u015fmeleri Derince Belediyesi ad\u0131na YERELSEN , Belediye \u00e7al\u0131\u015fanlar\u0131 ad\u0131na ise Belediyede \u00f6rg\u00fctl\u00fc Hizmet i\u015f sendikas\u0131 taraf\u0131ndan y\u00fcr\u00fct\u00fcld\u00fc. Belediye Ba\u015fkan\u0131 Aziz Alemdar t\u00f6rende yapt\u0131\u011f\u0131 konu\u015fmas\u0131nda \u00e7al\u0131\u015fanlar\u0131na ellerinden gelen en iyi \u015fartlara g\u00f6re \u00fccret art\u0131\u015f\u0131 yapt\u0131klar\u0131n\u0131 ve \u00e7al\u0131\u015fanlar\u0131n refah d\u00fczeylerinin kendileri i\u00e7in \u00e7ok \u00f6nemli oldu\u011funu vurgulad\u0131. Her zaman \u00e7al\u0131\u015fanlar\u0131n yan\u0131nda oldu\u011funu, \u00e7al\u0131\u015fma bar\u0131\u015f\u0131 ve motivasyonu sa\u011flamak ad\u0131na g\u00fczel bir s\u00f6zle\u015fme yapt\u0131klar\u0131n\u0131 s\u00f6yledi.<\/p>\n<p>&nbsp;<\/p>\n<p><strong>\u00a0<\/strong>T\u00f6rende YERELSEN ad\u0131na konu\u015fma yapan YERELSEN Genel Sekreteri M\u00fcmtaz Uzun; \u00a0Derince Belediyesinde yap\u0131lan bu s\u00f6zle\u015fmenin YERELSEN taraf\u0131ndan 2012 y\u0131l\u0131 i\u00e7inde yap\u0131lan ilk s\u00f6zle\u015fme oldu\u011funu dile getirdi. S\u00f6zle\u015fmenin her iki taraf i\u00e7inde uygulanabilir bir s\u00f6zle\u015fme olmas\u0131 i\u00e7in gayret ettiklerini ve sonu\u00e7ta uygun bir s\u00f6zle\u015fmenin ortaya \u00e7\u0131kt\u0131\u011f\u0131n\u0131 s\u00f6yledi. Uzun, s\u00f6zle\u015fmenin her iki tarafa da hay\u0131rl\u0131 olmas\u0131n\u0131 dileyerek konu\u015fmas\u0131n\u0131 noktalad\u0131.<\/p>\n<p><strong>\u00a0<\/strong><strong>\u00a01. Y\u0131l yevmiyelere seyyanen 10 TL. zam\u2026<\/strong>\u00a0<\/p>\n<p>Yap\u0131lan s\u00f6zle\u015fme sonucunda \u00e7al\u0131\u015fanlar\u0131n yevmiyelerine 1. Y\u0131l 10 TL, 2. Y\u0131l 1,5 TL seyyanen zam yap\u0131ld\u0131. Sosyal \u00f6demelerde de de\u011fi\u015fik oranlarda art\u0131\u015flar sa\u011flanm\u0131\u015f oldu.<\/p>\n","protected":false},"excerpt":{"rendered":"Derince \u00a0Belediyesinde \u00e7al\u0131\u015fan 136 i\u015f\u00e7iyi ilgilendiren toplu i\u015f s\u00f6zle\u015fmesinde imzalar geni\u015f bir kat\u0131l\u0131mla Derince Belediyesinde yap\u0131lan t\u00f6renle at\u0131ld\u0131.\u00a0 2012\u2019nin ilk [&hellip;]","protected":false},"author":3,"featured_media":1575,"comment_status":"closed","ping_status":"closed","sticky":false,"template":"","format":"standard","meta":{"footnotes":""},"categories":[1,24,25],"tags":[],"class_list":["post-1571","post","type-post","status-publish","format-standard","has-post-thumbnail","hentry","category-haberler","category-sozlesmeler","category-toplantilar"],"_links":{"self":[{"href":"https:\/\/yerelsen.org.tr\/index.php\/wp-json\/wp\/v2\/posts\/1571","targetHints":{"allow":["GET"]}}],"collection":[{"href":"https:\/\/yerelsen.org.tr\/index.php\/wp-json\/wp\/v2\/posts"}],"about":[{"href":"https:\/\/yerelsen.org.tr\/index.php\/wp-json\/wp\/v2\/types\/post"}],"author":[{"embeddable":true,"href":"https:\/\/yerelsen.org.tr\/index.php\/wp-json\/wp\/v2\/users\/3"}],"replies":[{"embeddable":true,"href":"https:\/\/yerelsen.org.tr\/index.php\/wp-json\/wp\/v2\/comments?post=1571"}],"version-history":[{"count":12,"href":"https:\/\/yerelsen.org.tr\/index.php\/wp-json\/wp\/v2\/posts\/1571\/revisions"}],"predecessor-version":[{"id":1586,"href":"https:\/\/yerelsen.org.tr\/index.php\/wp-json\/wp\/v2\/posts\/1571\/revisions\/1586"}],"wp:featuredmedia":[{"embeddable":true,"href":"https:\/\/yerelsen.org.tr\/index.php\/wp-json\/wp\/v2\/media\/1575"}],"wp:attachment":[{"href":"https:\/\/yerelsen.org.tr\/index.php\/wp-json\/wp\/v2\/media?parent=1571"}],"wp:term":[{"taxonomy":"category","embeddable":true,"href":"https:\/\/yerelsen.org.tr\/index.php\/wp-json\/wp\/v2\/categories?post=1571"},{"taxonomy":"post_tag","embeddable":true,"href":"https:\/\/yerelsen.org.tr\/index.php\/wp-json\/wp\/v2\/tags?post=1571"}],"curies":[{"name":"wp","href":"https:\/\/api.w.org\/{rel}","templated":true}]}}