{"id":1612,"date":"2012-01-23T22:28:14","date_gmt":"2012-01-23T20:28:14","guid":{"rendered":"https:\/\/yerelsen.org.tr\/?p=1612"},"modified":"2012-01-23T22:46:39","modified_gmt":"2012-01-23T20:46:39","slug":"daricada-imza-soleni","status":"publish","type":"post","link":"https:\/\/yerelsen.org.tr\/index.php\/daricada-imza-soleni\/","title":{"rendered":"Dar\u0131ca\u2019da imza \u015f\u00f6leni\u2026"},"content":{"rendered":"<p>Dar\u0131ca Belediyesinde \u00a0\u00e7al\u0131\u015fan 113 i\u015f\u00e7iyi ilgilendiren toplu i\u015f s\u00f6zle\u015fmesi; d\u00fczenlenen geni\u015f kat\u0131l\u0131ml\u0131 bir t\u00f6renle imzaland\u0131.<\/p>\n<p><strong>Yerelsen g\u00f6revinin hakk\u0131n\u0131 verdi\u2026<\/strong><\/p>\n<p>Yerelsen; \u00fcyelerinden olan Dar\u0131ca Belediyesinde, toplu i\u015f s\u00f6zle\u015fmesi g\u00f6r\u00fc\u015fmelerini ba\u015far\u0131yla tamamlad\u0131. \u0130\u015fveren ad\u0131na \u00a0g\u00f6r\u00fc\u015fmelere kat\u0131lan Yerelsen s\u00f6zle\u015fme g\u00f6r\u00fc\u015fmelerini Hizmet-i\u015f sendikas\u0131 yetkilileriyle y\u00fcr\u00fctt\u00fc. Yap\u0131lan uzun g\u00f6r\u00fc\u015fmeler sonunda taraflar mutabakata vard\u0131.<\/p>\n<p><strong>\u0130mza t\u00f6reni Dar\u0131ca Belediyesi\u2019nde yap\u0131ld\u0131\u2026<\/strong><\/p>\n<p>Dar\u0131ca Belediyesi meclis salonunda yap\u0131lan imza t\u00f6renine Yerelsen Genel Ba\u015fkan\u0131 Zeki To\u00e7o\u011flu, Yerelsen Genel Ba\u015fkan Vekili \u00a0\u00a0Dr. Mustafa \u00c7\u00f6po\u011flu, Yerelsen Genel Sekreteri M\u00fcmtaz Uzun, Genel Sekreter Yard\u0131mc\u0131s\u0131 Yahya Bilgin, Uzman personeller Hasan Tenlik, Mete Bilgin, Dar\u0131ca Belediye Ba\u015fkan\u0131 \u015e\u00fckr\u00fc Karabacak, Belediye y\u00f6neticileri, Hizmet i\u015f sendikas\u0131 Kocaeli \u015eubesinin y\u00f6neticileri ve \u00e7ok say\u0131da i\u015f\u00e7i kat\u0131ld\u0131.\u00a0<\/p>\n<p><a href=\"https:\/\/yerelsen.org.tr\/wp-content\/uploads\/2012\/01\/DSC_0647.jpg\"><img loading=\"lazy\" decoding=\"async\" class=\"aligncenter  wp-image-1615\" title=\"DSC_0647\" src=\"https:\/\/yerelsen.org.tr\/wp-content\/uploads\/2012\/01\/DSC_0647-440x250.jpg\" alt=\"\" width=\"619\" height=\"344\" \/><\/a><\/p>\n<p>T\u00f6rende a\u00e7\u0131l\u0131\u015f konu\u015fmas\u0131n\u0131 yapan\u00a0 Belediye Ba\u015fkan\u0131\u00a0 \u015e\u00fckr\u00fc Karabacak, mevcut imkanlar\u0131 zorlayarak \u00e7al\u0131\u015fanlar\u0131na en iyi zamm\u0131 verdiklerini ifade etti. Art\u0131\u015f yapmak kadar \u00a0maa\u015flar\u0131 zaman\u0131nda vermeninde \u00e7ok \u00f6nemli oldu\u011funu belirten Karabacak, i\u015f\u00e7ilerin al\u0131n teri kurumadan maa\u015flar\u0131n\u0131 vermeye \u00e7abalad\u0131klar\u0131n\u0131 s\u00f6yledi. Kendilerinin g\u00f6reve geldikleri g\u00fcnden beri birinci \u00f6nceliklerinin i\u015f\u00e7ilerin haklar\u0131n\u0131 vermek oldu\u011funu, bug\u00fcn geriye d\u00f6n\u00fcp bakt\u0131klar\u0131nda ise i\u015f\u00e7ilerin kendilerinden bir alacaklar\u0131 kalmad\u0131\u011f\u0131n\u0131 s\u00f6yledi.<\/p>\n<p>Ba\u015fkan Karabacak\u2019tan sonra s\u00f6z alan Yerelsen Genel Ba\u015fkan\u0131 Zeki To\u00e7o\u011flu, Yerelsen olarak Belediyelerde \u00e7ok \u00f6nemli bir g\u00f6revi ifa ettiklerini belirterek, bu sayede s\u00f6zle\u015fmelerin mevzuatlara uygun hale getirildi\u011fini s\u00f6yledi. Kendisinin de 1999 y\u0131l\u0131ndan beri Belediye Ba\u015fkanl\u0131\u011f\u0131 yapt\u0131\u011f\u0131n\u0131, g\u00f6reve geldiklerinde Belediyelerde i\u015f\u00e7ilerin y\u00fckl\u00fc miktarlarda alacaklar\u0131 oldu\u011funu ama bug\u00fcn geriye d\u00f6n\u00fcp bakt\u0131klar\u0131nda i\u015f\u00e7ilerin bir\u00e7ok belediyede alacaklar\u0131 kalmad\u0131\u011f\u0131n\u0131 memnuniyetle g\u00f6zlemlediklerini ifade etti. Dar\u0131ca Belediyesinde imzalanan bu s\u00f6zle\u015fmenin de taraflara hay\u0131rl\u0131 olmas\u0131n\u0131 dileyen Ba\u015fkan To\u00e7o\u011flu, s\u00f6zle\u015fmede eme\u011fi ge\u00e7en ba\u015fta Yerelsen Personeli olmak \u00fczere herkese te\u015fekk\u00fcr etti.<\/p>\n<p>Son olarak konu\u015fan Hizmet i\u015f sendikas\u0131 Kocaeli \u015eubesi Ba\u015fkan\u0131 \u0130dris Ersoy, S\u00f6zle\u015fmede eme\u011fi ge\u00e7en herkese te\u015fekk\u00fcr ederek, s\u00f6zle\u015fmenin taraflara hay\u0131rl\u0131 olmas\u0131n\u0131 diledi.<\/p>\n<p>Konu\u015fmalardan sonra alk\u0131\u015flar aras\u0131nda s\u00f6zle\u015fme taraflarca imzaland\u0131. S\u00f6zle\u015fmenin imzalanmas\u0131ndan sonra i\u015fveren ve i\u015f\u00e7i sendikas\u0131 temsilcileri kar\u015f\u0131l\u0131kl\u0131 olarak birbirlerine \u00e7i\u00e7ek takdim ettiler.\u00a0<a href=\"https:\/\/yerelsen.org.tr\/wp-content\/uploads\/2012\/01\/DSC_06902.jpg\"><img loading=\"lazy\" decoding=\"async\" class=\"aligncenter  wp-image-1626\" title=\"DSC_0690\" src=\"https:\/\/yerelsen.org.tr\/wp-content\/uploads\/2012\/01\/DSC_06902.jpg\" alt=\"\" width=\"627\" height=\"448\" \/><\/a><\/p>\n<p>\u00a0<strong>Yevmiyelere seyyanen 5 TL. zam\u2026<\/strong><\/p>\n<p>Var\u0131lan mutabakat sonucu \u00e7al\u0131\u015fanlar\u0131n yevmiyelerine ilk y\u0131l i\u00e7in seyyanen 5 TL, ikinci y\u0131l i\u00e7in seyyanen 6 TL ve \u00fc\u00e7\u00fcnc\u00fc y\u0131l i\u00e7in ise 7 TL zam yap\u0131ld\u0131. \u00a0Sosyal haklarda da ayn\u0131 oranlarda art\u0131\u015f sa\u011flanm\u0131\u015f oldu.<\/p>\n","protected":false},"excerpt":{"rendered":"Dar\u0131ca Belediyesinde \u00a0\u00e7al\u0131\u015fan 113 i\u015f\u00e7iyi ilgilendiren toplu i\u015f s\u00f6zle\u015fmesi; d\u00fczenlenen geni\u015f kat\u0131l\u0131ml\u0131 bir t\u00f6renle imzaland\u0131. Yerelsen g\u00f6revinin hakk\u0131n\u0131 verdi\u2026 Yerelsen; [&hellip;]","protected":false},"author":3,"featured_media":1613,"comment_status":"closed","ping_status":"closed","sticky":false,"template":"","format":"standard","meta":{"footnotes":""},"categories":[1,24,25],"tags":[],"class_list":["post-1612","post","type-post","status-publish","format-standard","has-post-thumbnail","hentry","category-haberler","category-sozlesmeler","category-toplantilar"],"_links":{"self":[{"href":"https:\/\/yerelsen.org.tr\/index.php\/wp-json\/wp\/v2\/posts\/1612","targetHints":{"allow":["GET"]}}],"collection":[{"href":"https:\/\/yerelsen.org.tr\/index.php\/wp-json\/wp\/v2\/posts"}],"about":[{"href":"https:\/\/yerelsen.org.tr\/index.php\/wp-json\/wp\/v2\/types\/post"}],"author":[{"embeddable":true,"href":"https:\/\/yerelsen.org.tr\/index.php\/wp-json\/wp\/v2\/users\/3"}],"replies":[{"embeddable":true,"href":"https:\/\/yerelsen.org.tr\/index.php\/wp-json\/wp\/v2\/comments?post=1612"}],"version-history":[{"count":12,"href":"https:\/\/yerelsen.org.tr\/index.php\/wp-json\/wp\/v2\/posts\/1612\/revisions"}],"predecessor-version":[{"id":1620,"href":"https:\/\/yerelsen.org.tr\/index.php\/wp-json\/wp\/v2\/posts\/1612\/revisions\/1620"}],"wp:featuredmedia":[{"embeddable":true,"href":"https:\/\/yerelsen.org.tr\/index.php\/wp-json\/wp\/v2\/media\/1613"}],"wp:attachment":[{"href":"https:\/\/yerelsen.org.tr\/index.php\/wp-json\/wp\/v2\/media?parent=1612"}],"wp:term":[{"taxonomy":"category","embeddable":true,"href":"https:\/\/yerelsen.org.tr\/index.php\/wp-json\/wp\/v2\/categories?post=1612"},{"taxonomy":"post_tag","embeddable":true,"href":"https:\/\/yerelsen.org.tr\/index.php\/wp-json\/wp\/v2\/tags?post=1612"}],"curies":[{"name":"wp","href":"https:\/\/api.w.org\/{rel}","templated":true}]}}