{"id":1750,"date":"2012-02-17T15:55:35","date_gmt":"2012-02-17T13:55:35","guid":{"rendered":"https:\/\/yerelsen.org.tr\/?p=1750"},"modified":"2012-02-20T11:03:49","modified_gmt":"2012-02-20T09:03:49","slug":"afyonda-imzalar-atildi","status":"publish","type":"post","link":"https:\/\/yerelsen.org.tr\/index.php\/afyonda-imzalar-atildi\/","title":{"rendered":"Afyon\u2019da imzalar at\u0131ld\u0131\u2026"},"content":{"rendered":"<p><span style=\"font-family: Times New Roman; font-size: small;\">Afyon Belediyesinde \u00a0\u00e7al\u0131\u015fan 143 i\u015f\u00e7iyi ilgilendiren toplu i\u015f s\u00f6zle\u015fmesi; d\u00fczenlenen geni\u015f kat\u0131l\u0131ml\u0131 bir t\u00f6renle imzaland\u0131.<\/span><span style=\"font-family: Times New Roman; font-size: small;\">\u00a0<\/span><\/p>\n<p><strong><span style=\"font-family: Times New Roman;\">Yeni \u00fcyeye ilk s\u00f6zle\u015fme\u2026<\/span><\/strong><span style=\"font-family: Times New Roman; font-size: small;\">\u00a0<\/span><\/p>\n<p><span style=\"font-family: Times New Roman; font-size: small;\">Yerelsen\u2019in yeni \u00fcyelerinden olan Afyonkarahisar Belediyesinde, Yerelsen toplu i\u015f s\u00f6zle\u015fmesi g\u00f6r\u00fc\u015fmelerini ba\u015far\u0131yla tamamlad\u0131. \u0130\u015fveren ad\u0131na \u00a0g\u00f6r\u00fc\u015fmelere kat\u0131lan Yerelsen s\u00f6zle\u015fme g\u00f6r\u00fc\u015fmelerini Belediye-i\u015f sendikas\u0131 yetkilileriyle y\u00fcr\u00fctt\u00fc. Yap\u0131lan uzun g\u00f6r\u00fc\u015fmeler sonunda taraflar mutabakata vard\u0131.<\/span><span style=\"font-family: Times New Roman; font-size: small;\">\u00a0<\/span><\/p>\n<p><strong><span style=\"font-family: Times New Roman;\">\u0130mza t\u00f6reni Afyon Belediyesi\u2019nde yap\u0131ld\u0131\u2026<\/span><\/strong><span style=\"font-family: Times New Roman; font-size: small;\">\u00a0<\/span><\/p>\n<p><span style=\"font-family: Times New Roman; font-size: small;\">Afyonkarahisar Belediyesi meclis salonunda yap\u0131lan imza t\u00f6renine \u00a0Yerelsen\u2019i\u00a0 Genel Sekreter M\u00fcmtaz Uzun ve Yerelsen \u00a0Uzman personeli Mete Bilgin temsil etti. Ayr\u0131ca Afyonkarahisar Belediye Ba\u015fkan\u0131 Burhanettin \u00c7oban, Belediye Ba\u015fkan Yard\u0131mc\u0131lar\u0131, Belediye y\u00f6neticileri, Belediye i\u015f sendikas\u0131n\u0131n Afyon \u015eube y\u00f6neticileri, T\u00fcrk \u0130\u015f\u2019e ba\u011fl\u0131 sendikalar\u0131n Afyon \u015eube Y\u00f6neticileri ve \u00e7ok say\u0131da \u00e7al\u0131\u015fan kat\u0131ld\u0131.<\/span><span style=\"font-family: Times New Roman; font-size: small;\">\u00a0<\/span><\/p>\n<p><span style=\"font-family: Times New Roman; font-size: small;\">T\u00f6rende a\u00e7\u0131l\u0131\u015f konu\u015fmas\u0131n\u0131 yapan\u00a0 Belediye Ba\u015fkan\u0131\u00a0 Burhanettin \u00a0\u00c7oban, \u00e7al\u0131\u015fan\u0131n eme\u011finin teri kurumadan verilmesi gerekti\u011fine inanan insanlar olarak hem zaman\u0131nda hem de imkanlar\u0131 zorlayarak en iyi \u015fartlarda zam verdiklerini ifade etti. G\u00f6reve geldiklerinde\u00a0 i\u015f\u00e7ilerin y\u00fckl\u00fc miktarda\u00a0 Belediyeden alacaklar\u0131 oldu\u011funu ancak kendilerinin hi\u00e7bir zaman i\u015f\u00e7ilerin alacaklar\u0131 beklesin biz de yat\u0131r\u0131m yapal\u0131m mant\u0131\u011f\u0131nda olmad\u0131klar\u0131n\u0131 belirtti. Bug\u00fcn geriye d\u00f6n\u00fcp bakt\u0131klar\u0131nda ise i\u015f\u00e7ilerin kendilerinden bir alacaklar\u0131 kalmad\u0131\u011f\u0131n\u0131 g\u00f6rd\u00fcklerini s\u00f6yledi. Art\u0131\u015f yapmak kadar \u00a0maa\u015flar\u0131 zaman\u0131nda vermeninde \u00e7ok \u00f6nemli oldu\u011funu belirten Ba\u015fkan \u00c7oban, s\u00f6zle\u015fmenin t\u00fcm \u00e7al\u0131\u015fanlara hay\u0131rl\u0131 ve bereketli olmas\u0131n\u0131 diledi.\u00a0<\/span><span style=\"font-family: Times New Roman; font-size: small;\">\u00a0<\/span><\/p>\n<p><span style=\"font-family: Times New Roman; font-size: small;\">Ba\u015fkan \u00c7oban\u2019dan \u00a0sonra s\u00f6z alan Yerelsen Genel Sekreteri M\u00fcmtaz Uzun, Yerelsen olarak ama\u00e7lar\u0131n\u0131n belediyelerde \u00e7al\u0131\u015fma ortam\u0131n\u0131 taraflar\u0131 s\u0131k\u0131nt\u0131ya sokmayacak \u015fekilde d\u00fczenlemek oldu\u011funu ve bunu Afyon Belediyesinde ba\u015fard\u0131klar\u0131n\u0131 s\u00f6yledi. Afyon Belediyesinin Yerelsen ailesinin en yeni \u00fcyelerinden biri oldu\u011funu ve kendileri i\u00e7inde burada s\u00f6zle\u015fme yapman\u0131n \u00f6nemli oldu\u011funu \u00a0belirtti. S\u00f6zle\u015fmenin hem \u00e7al\u0131\u015fanlara hem de i\u015fveren taraf\u0131na hay\u0131rl\u0131 olmas\u0131n\u0131 diledi.\u00a0<\/span><span style=\"font-family: Times New Roman; font-size: small;\">\u00a0<\/span><\/p>\n<p><span style=\"font-family: Times New Roman; font-size: small;\">Son olarak Belediye \u00a0i\u015f sendikas\u0131 Afyon \u015eube \u00a0Ba\u015fkan\u0131 Y\u00fccel \u015eahin, Ba\u015fta Yerelsen olmak \u00fczere\u00a0 s\u00f6zle\u015fmede eme\u011fi ge\u00e7en herkese te\u015fekk\u00fcr ederek, s\u00f6zle\u015fmenin taraflara hay\u0131rl\u0131 olmas\u0131n\u0131 diledi. \u015eahin, Belediye Ba\u015fkan\u0131 Burhanettin \u00c7oban\u2019a s\u00f6zle\u015fmeye verdi\u011fi destek i\u00e7in ayr\u0131ca te\u015fekk\u00fcr etti.<\/span><span style=\"font-family: Times New Roman; font-size: small;\">\u00a0<\/span><\/p>\n<p><span style=\"font-family: Times New Roman; font-size: small;\">Konu\u015fmalardan sonra alk\u0131\u015flar aras\u0131nda s\u00f6zle\u015fme taraflarca imzaland\u0131. S\u00f6zle\u015fmenin imzalanmas\u0131ndan sonra i\u015fveren ve i\u015f\u00e7i sendikas\u0131 temsilcileri kar\u015f\u0131l\u0131kl\u0131 olarak birbirlerine \u00e7i\u00e7ek ve \u015filt takdim ettiler.<\/span><\/p>\n<p><strong><span style=\"font-family: Times New Roman;\">Yevmiyelere\u00a0 ilk 6 ay %6, ikinci 6 ay%5 \u00a0zam\u2026<\/span><\/strong><strong><span style=\"font-family: Times New Roman;\">\u00a0<\/span><\/strong><\/p>\n<p><span style=\"font-family: Times New Roman; font-size: small;\">Var\u0131lan mutabakat sonucu \u00e7al\u0131\u015fanlar\u0131n yevmiyelerine 1. y\u0131l ilk 6 ay i\u00e7in %6, ikinci 6 ay i\u00e7in % 5 oran\u0131nda , ikinci y\u0131l ilk 6 ay i\u00e7in %5, ikinci 6 ay i\u00e7in ise % 6 oran\u0131nda zam yap\u0131ld\u0131. \u00a0Sosyal haklarda da ayn\u0131 oranlarda art\u0131\u015f sa\u011flanm\u0131\u015f oldu. <\/span><\/p>\n","protected":false},"excerpt":{"rendered":"Afyon Belediyesinde \u00a0\u00e7al\u0131\u015fan 143 i\u015f\u00e7iyi ilgilendiren toplu i\u015f s\u00f6zle\u015fmesi; d\u00fczenlenen geni\u015f kat\u0131l\u0131ml\u0131 bir t\u00f6renle imzaland\u0131.\u00a0 Yeni \u00fcyeye ilk s\u00f6zle\u015fme\u2026\u00a0 Yerelsen\u2019in [&hellip;]","protected":false},"author":3,"featured_media":1765,"comment_status":"closed","ping_status":"closed","sticky":false,"template":"","format":"standard","meta":{"footnotes":""},"categories":[1,24,25],"tags":[],"class_list":["post-1750","post","type-post","status-publish","format-standard","has-post-thumbnail","hentry","category-haberler","category-sozlesmeler","category-toplantilar"],"_links":{"self":[{"href":"https:\/\/yerelsen.org.tr\/index.php\/wp-json\/wp\/v2\/posts\/1750","targetHints":{"allow":["GET"]}}],"collection":[{"href":"https:\/\/yerelsen.org.tr\/index.php\/wp-json\/wp\/v2\/posts"}],"about":[{"href":"https:\/\/yerelsen.org.tr\/index.php\/wp-json\/wp\/v2\/types\/post"}],"author":[{"embeddable":true,"href":"https:\/\/yerelsen.org.tr\/index.php\/wp-json\/wp\/v2\/users\/3"}],"replies":[{"embeddable":true,"href":"https:\/\/yerelsen.org.tr\/index.php\/wp-json\/wp\/v2\/comments?post=1750"}],"version-history":[{"count":6,"href":"https:\/\/yerelsen.org.tr\/index.php\/wp-json\/wp\/v2\/posts\/1750\/revisions"}],"predecessor-version":[{"id":1754,"href":"https:\/\/yerelsen.org.tr\/index.php\/wp-json\/wp\/v2\/posts\/1750\/revisions\/1754"}],"wp:featuredmedia":[{"embeddable":true,"href":"https:\/\/yerelsen.org.tr\/index.php\/wp-json\/wp\/v2\/media\/1765"}],"wp:attachment":[{"href":"https:\/\/yerelsen.org.tr\/index.php\/wp-json\/wp\/v2\/media?parent=1750"}],"wp:term":[{"taxonomy":"category","embeddable":true,"href":"https:\/\/yerelsen.org.tr\/index.php\/wp-json\/wp\/v2\/categories?post=1750"},{"taxonomy":"post_tag","embeddable":true,"href":"https:\/\/yerelsen.org.tr\/index.php\/wp-json\/wp\/v2\/tags?post=1750"}],"curies":[{"name":"wp","href":"https:\/\/api.w.org\/{rel}","templated":true}]}}