{"id":1777,"date":"2012-03-15T14:47:49","date_gmt":"2012-03-15T12:47:49","guid":{"rendered":"https:\/\/yerelsen.org.tr\/?p=1777"},"modified":"2012-03-15T14:50:02","modified_gmt":"2012-03-15T12:50:02","slug":"yerelsen-yeni-anayasa-calismalarini-memnuniyetle-karsiladi","status":"publish","type":"post","link":"https:\/\/yerelsen.org.tr\/index.php\/yerelsen-yeni-anayasa-calismalarini-memnuniyetle-karsiladi\/","title":{"rendered":"Yerelsen Yeni Anayasa \u00c7al\u0131\u015fmalar\u0131n\u0131 Memnuniyetle Kar\u015f\u0131lad\u0131&#8230;"},"content":{"rendered":"<p><strong>Tepeden inmeci bir anlay\u0131\u015fla d\u00fczenlenen anayasa anlay\u0131\u015f\u0131 sona eriyor.<\/strong><\/p>\n<p>\u00dclkemiz yeni bir anayasa ile birlikte yeni bir d\u00f6neme girmeye haz\u0131rlan\u0131yor. Osmanl\u0131 devletinden beri \u00fcst y\u00f6netim ve kendini elit olarak kabul eden gruplar taraf\u0131ndan tepeden inmeci bir anlay\u0131\u015fla haz\u0131rlanan anayasa anlay\u0131\u015f\u0131 yeni d\u00f6nemle birlikte sona eriyor.<\/p>\n<p>T\u00fcrkiye Cumhuriyeti\u2019nin anayasas\u0131, ilk kez halk\u0131n temsilcileri taraf\u0131ndan ve geni\u015f bir kat\u0131l\u0131mla ger\u00e7ekle\u015fiyor. Bu b\u00fct\u00fcn halk\u0131m\u0131z\u0131 oldu\u011fu gibi, sendikam\u0131z\u0131 da memnun eden bir geli\u015fmedir.<\/p>\n<p><strong>Hepimiz daha g\u00fc\u00e7l\u00fc, daha m\u00fcreffeh ve daha \u00f6zg\u00fcr bir \u00fclkede ya\u015faman\u0131n \u00f6zlemini \u00e7ekiyoruz.<\/strong><\/p>\n<p>Hepimiz \u00fclkemizin gelece\u011fi ile ilgili ayn\u0131 duygular\u0131 payla\u015f\u0131yoruz. Hepimiz daha g\u00fc\u00e7l\u00fc, daha m\u00fcreffeh ve daha \u00f6zg\u00fcr bir \u00fclkede ya\u015faman\u0131n \u00f6zlemini \u00e7ekiyoruz. T\u00fcrkiye\u2019nin gelece\u011fi olan anayasa konusunda herkesin tek y\u00fcrek oldu\u011fu bu f\u0131rsat \u00e7ok iyi de\u011ferlendirilmelidir.<\/p>\n<p>H\u00fck\u00fcmetimizin, siyasi partilerimizin, sendikalar\u0131n, meslek odalar\u0131n\u0131n ve di\u011fer sivil toplum \u00f6rg\u00fctlerinin birbirlerinin fikirlerine sayg\u0131 duyarak ve konu\u015farak haz\u0131rlayacaklar\u0131 bir anayasa, \u00fclkemizin ayd\u0131nl\u0131k gelece\u011fini in\u015fa edecektir.<\/p>\n<p>Uzun y\u0131llar askeri y\u00f6netimlerin vesayeti alt\u0131nda yaz\u0131lm\u0131\u015f anayasalarla idare edilen milletimiz, art\u0131k gelece\u011fini teminat alt\u0131na alacak, T\u00fcrkiye&#8217;ye yeni kazan\u0131mlar ger\u00e7ekle\u015ftirecek bir anayasa yapmak istiyor.<\/p>\n<p><strong>T\u00fcrkiye&#8217;de 1876 tarihli ilk Anayasa&#8217;dan, 1982 tarihli son Anayasa&#8217;ya kadar tam 5 Anayasa yap\u0131lm\u0131\u015ft\u0131r. Yap\u0131lan bu Anayasa&#8217;lar\u0131n belki de en \u00f6nemli ortak noktas\u0131, yap\u0131m s\u00fcrecindeki &#8220;demokratik kat\u0131l\u0131m&#8221; eksikli\u011fidir.<\/strong><\/p>\n<p>Daha sonraki d\u00f6nemlerde yap\u0131lan d\u00fczeltmelere ra\u011fmen, \u00f6zg\u00fcrl\u00fckler konusunda tam bir sonuca ula\u015f\u0131lamam\u0131\u015f; h\u00fck\u00fcmetlerin kendilerine g\u00f6re d\u00fczenlemeler yapt\u0131\u011f\u0131 \u201cyamal\u0131 boh\u00e7a\u201d \u015feklinde bir yap\u0131 ortaya \u00e7\u0131km\u0131\u015ft\u0131r.<\/p>\n<p>Toplumsal kat\u0131l\u0131m\u0131 sa\u011flamak yerine, topluma dayat\u0131lan bu Anayasalar, ne yaz\u0131k ki geni\u015f kat\u0131l\u0131ml\u0131 bir m\u00fczakere s\u00fcrecine ve ortak akla dayanmam\u0131\u015ft\u0131r.<\/p>\n<p>Umudumuz odur ki; yeni anayasa ile \u00fclkemizin kar\u015f\u0131la\u015ft\u0131\u011f\u0131 pek \u00e7ok sorun da ortadan kalkacakt\u0131r.<\/p>\n<p><strong>Yeni anayasa, benim ya da \u00f6tekinin de\u011fil \u201cbizim anayasam\u0131z\u201d olmal\u0131d\u0131r.<\/strong><\/p>\n<p>Yeni anayasa, benim ya da \u00f6tekinin de\u011fil, \u201cbizim anayasam\u0131z\u201d olmal\u0131d\u0131r. G\u00fcn\u00fcm\u00fczde, &#8220;\u00f6zg\u00fcr birey&#8221;, &#8220;\u00e7o\u011fulcu toplum&#8221; ve &#8220;tarafs\u0131z devlet&#8221;, anayasal demokrasilerin temel ilkeleridir.<\/p>\n<p>\u2018\u00d6zg\u00fcr birey\u2019 d\u00fc\u015f\u00fcncesi, &#8220;farkl\u0131l\u0131klara sayg\u0131y\u0131&#8221; zorunlu k\u0131lar. Farkl\u0131l\u0131klara sayg\u0131 ise ancak \u00e7o\u011fulcu bir toplum yap\u0131s\u0131yla ger\u00e7ekle\u015fir. \u00c7o\u011fulcu bir toplum ise, devletin t\u00fcm fikir, d\u00fc\u015f\u00fcnce ve inan\u00e7lara &#8220;tarafs\u0131z&#8221; ve &#8220;e\u015fit mesafede&#8221; kalmas\u0131 ile m\u00fcmk\u00fcnd\u00fcr.<\/p>\n<p><strong>Anayasalar toplumu \u201cbi\u00e7imlendirmeye\u201d de\u011fil, t\u00fcm toplumu \u201ckucaklamaya\u201d \u00e7al\u0131\u015fmal\u0131d\u0131r.<\/strong><\/p>\n<p>Anayasalar, toplumdaki farkl\u0131l\u0131klar\u0131 ortadan kald\u0131ran de\u011fil, var olan \u00e7o\u011fulcu yap\u0131y\u0131 ve \u00e7e\u015fitlili\u011fi koruyan; sistem i\u00e7erisinde kendilerini ifade etmelerine f\u0131rsat veren bir i\u00e7eri\u011fe sahip olmal\u0131d\u0131r. Anayasalar toplumu &#8220;bi\u00e7imlendirmeye&#8221; de\u011fil, t\u00fcm toplumu &#8220;kucaklamaya&#8221; \u00e7al\u0131\u015fmal\u0131d\u0131r.<\/p>\n<p>YERELSEN olarak umut ediyoruz ki; yeni Anayasam\u0131z bu imk\u00e2nlar\u0131 halk\u0131m\u0131za sunacakt\u0131r. Toplumun b\u00fct\u00fcn kesimlerinin fikrini ve deste\u011fini alm\u0131\u015f bir Anayasa, T\u00fcrkiye\u2019nin \u00f6n\u00fcn\u00fc a\u00e7acak, \u00fclkemizi d\u00fcnyaya \u00f6nc\u00fc ve \u00f6rnek bir konuma ta\u015f\u0131yacakt\u0131r.<\/p>\n<p>Bu nedenle yeni anayasa \u00e7al\u0131\u015fmalar\u0131n\u0131 sonuna kadar destekliyor ve bu hay\u0131rl\u0131 i\u015fe katk\u0131s\u0131 olan herkese \u015f\u00fckranlar\u0131m\u0131z\u0131 sunuyoruz.<\/p>\n<p>\u00a0\u00a0\u00a0\u00a0\u00a0\u00a0\u00a0\u00a0\u00a0\u00a0\u00a0\u00a0\u00a0\u00a0\u00a0\u00a0\u00a0\u00a0\u00a0\u00a0\u00a0\u00a0\u00a0\u00a0\u00a0\u00a0\u00a0\u00a0\u00a0\u00a0\u00a0\u00a0\u00a0\u00a0\u00a0\u00a0\u00a0\u00a0\u00a0\u00a0\u00a0\u00a0\u00a0\u00a0\u00a0\u00a0\u00a0\u00a0\u00a0\u00a0\u00a0\u00a0\u00a0\u00a0\u00a0\u00a0\u00a0\u00a0\u00a0\u00a0\u00a0\u00a0\u00a0\u00a0\u00a0\u00a0\u00a0\u00a0\u00a0Zeki TO\u00c7O\u011eLU\u00a0\u00a0\u00a0\u00a0\u00a0\u00a0\u00a0\u00a0\u00a0\u00a0\u00a0\u00a0\u00a0\u00a0\u00a0 \u00a0\u00a0\u00a0\u00a0\u00a0\u00a0\u00a0\u00a0\u00a0\u00a0\u00a0\u00a0\u00a0\u00a0\u00a0\u00a0\u00a0\u00a0\u00a0\u00a0\u00a0\u00a0\u00a0\u00a0\u00a0\u00a0\u00a0\u00a0\u00a0\u00a0\u00a0\u00a0\u00a0\u00a0\u00a0\u00a0\u00a0\u00a0\u00a0\u00a0\u00a0\u00a0\u00a0\u00a0\u00a0\u00a0\u00a0\u00a0\u00a0\u00a0\u00a0\u00a0\u00a0\u00a0\u00a0\u00a0\u00a0\u00a0\u00a0\u00a0\u00a0\u00a0\u00a0\u00a0\u00a0\u00a0\u00a0\u00a0\u00a0Genel Ba\u015fkan<\/p>\n","protected":false},"excerpt":{"rendered":"Tepeden inmeci bir anlay\u0131\u015fla d\u00fczenlenen anayasa anlay\u0131\u015f\u0131 sona eriyor. \u00dclkemiz yeni bir anayasa ile birlikte yeni bir d\u00f6neme girmeye haz\u0131rlan\u0131yor. [&hellip;]","protected":false},"author":3,"featured_media":1827,"comment_status":"closed","ping_status":"closed","sticky":false,"template":"","format":"standard","meta":{"footnotes":""},"categories":[15,1,24,25],"tags":[],"class_list":["post-1777","post","type-post","status-publish","format-standard","has-post-thumbnail","hentry","category-duyurular","category-haberler","category-sozlesmeler","category-toplantilar"],"_links":{"self":[{"href":"https:\/\/yerelsen.org.tr\/index.php\/wp-json\/wp\/v2\/posts\/1777","targetHints":{"allow":["GET"]}}],"collection":[{"href":"https:\/\/yerelsen.org.tr\/index.php\/wp-json\/wp\/v2\/posts"}],"about":[{"href":"https:\/\/yerelsen.org.tr\/index.php\/wp-json\/wp\/v2\/types\/post"}],"author":[{"embeddable":true,"href":"https:\/\/yerelsen.org.tr\/index.php\/wp-json\/wp\/v2\/users\/3"}],"replies":[{"embeddable":true,"href":"https:\/\/yerelsen.org.tr\/index.php\/wp-json\/wp\/v2\/comments?post=1777"}],"version-history":[{"count":51,"href":"https:\/\/yerelsen.org.tr\/index.php\/wp-json\/wp\/v2\/posts\/1777\/revisions"}],"predecessor-version":[{"id":1831,"href":"https:\/\/yerelsen.org.tr\/index.php\/wp-json\/wp\/v2\/posts\/1777\/revisions\/1831"}],"wp:featuredmedia":[{"embeddable":true,"href":"https:\/\/yerelsen.org.tr\/index.php\/wp-json\/wp\/v2\/media\/1827"}],"wp:attachment":[{"href":"https:\/\/yerelsen.org.tr\/index.php\/wp-json\/wp\/v2\/media?parent=1777"}],"wp:term":[{"taxonomy":"category","embeddable":true,"href":"https:\/\/yerelsen.org.tr\/index.php\/wp-json\/wp\/v2\/categories?post=1777"},{"taxonomy":"post_tag","embeddable":true,"href":"https:\/\/yerelsen.org.tr\/index.php\/wp-json\/wp\/v2\/tags?post=1777"}],"curies":[{"name":"wp","href":"https:\/\/api.w.org\/{rel}","templated":true}]}}