{"id":1883,"date":"2012-04-18T15:28:25","date_gmt":"2012-04-18T13:28:25","guid":{"rendered":"https:\/\/yerelsen.org.tr\/?p=1883"},"modified":"2012-04-18T16:23:11","modified_gmt":"2012-04-18T14:23:11","slug":"kocaeli-il-ozel-idaresinde-imzalar-atildi","status":"publish","type":"post","link":"https:\/\/yerelsen.org.tr\/index.php\/kocaeli-il-ozel-idaresinde-imzalar-atildi\/","title":{"rendered":"Kocaeli \u0130l \u00d6zel \u0130daresinde imzalar at\u0131ld\u0131\u2026"},"content":{"rendered":"<p><span style=\"font-family: Times New Roman; font-size: small;\">Kocaeli \u0130l \u00d6zel \u0130daresinde \u00a0\u00e7al\u0131\u015fan i\u015f\u00e7ileri kapsayan toplu i\u015f s\u00f6zle\u015fmesi; \u00d6zel \u0130dare binas\u0131nda d\u00fczenlenen bir t\u00f6renle imzaland\u0131.<\/span><span style=\"font-family: Times New Roman; font-size: small;\">\u00a0<\/span><\/p>\n<p><strong><span style=\"font-family: Times New Roman;\">Yerelsen\u2019in 2012 y\u0131l\u0131nda imzalad\u0131\u011f\u0131 17. S\u00f6zle\u015fme\u2026<\/span><\/strong><span style=\"font-family: Times New Roman; font-size: small;\">\u00a0<\/span><\/p>\n<p><span style=\"font-family: Times New Roman; font-size: small;\">Yerelsen; \u00fcyelerinden olan Kocaeli \u0130l \u00d6zel \u0130daresinde Aral\u0131k ay\u0131n\u0131n sonlar\u0131nda ba\u015flayan, toplu i\u015f s\u00f6zle\u015fmesi g\u00f6r\u00fc\u015fmelerini ba\u015far\u0131yla tamamlad\u0131. \u0130\u015fveren ad\u0131na \u00a0g\u00f6r\u00fc\u015fmelere kat\u0131lan Yerelsen s\u00f6zle\u015fme g\u00f6r\u00fc\u015fmelerini Koop \u0130\u015f sendikas\u0131 yetkilileriyle y\u00fcr\u00fctt\u00fc. 2012 y\u0131l\u0131nda yakla\u015f\u0131k olarak 40 Belediye ve Kamu Kurumunun s\u00f6zle\u015fmesini y\u00fcr\u00fcten Yerelsen\u2019in bu y\u0131l i\u00e7inde \u015fu ana kadar\u00a0 imzalad\u0131\u011f\u0131 17. S\u00f6zle\u015fme oldu.\u00a0<\/span><span style=\"font-family: Times New Roman; font-size: small;\">\u00a0<\/span><\/p>\n<p><strong><span style=\"font-family: Times New Roman;\">\u0130mza t\u00f6reni Kocaeli \u0130l \u00d6zel \u0130dare Binas\u0131nda yap\u0131ld\u0131\u2026<\/span><\/strong><span style=\"font-family: Times New Roman; font-size: small;\">\u00a0<\/span><\/p>\n<p><span style=\"font-family: Times New Roman; font-size: small;\">Kocaeli \u0130l \u00d6zel \u0130daresi Meclis Toplant\u0131 salonunda yap\u0131lan t\u00f6rene Yerelsen Genel Sekreter Yard\u0131mc\u0131s\u0131 Yahya Bilgin, Yerelsen Uzman Personelleri Mete Bilgin ve Hasan Tenlik, Kocaeli \u0130l \u00d6zel \u0130daresi Genel Sekreteri Burhan Eres, Kurumun \u00a0y\u00f6neticileri, Koop \u0130\u015f Sendikas\u0131 y\u00f6neticileri ve \u00a0i\u015f\u00e7i temsilcileri kat\u0131ld\u0131.<\/span><span style=\"font-family: Times New Roman; font-size: small;\">\u00a0<\/span><\/p>\n<p><span style=\"font-family: Times New Roman; font-size: small;\">T\u00f6rende bir konu\u015fma yapan Genel Sekreter Burhan Eres, imza alt\u0131na al\u0131nan s\u00f6zle\u015fme ile ilgili bilgi aktard\u0131. Genel Sekreter Eres, \u00e7al\u0131\u015fanlar\u0131n haklar\u0131n\u0131 en iyi \u015fartlarda ve zaman\u0131nda \u00f6demeyi \u015fiar edindiklerini, yap\u0131lan bu s\u00f6zle\u015fmenin de bunun g\u00f6stergesi oldu\u011funu s\u00f6yledi. \u00c7al\u0131\u015fanlar\u0131n\u0131n olduk\u00e7a \u00f6zverili \u00e7al\u0131\u015ft\u0131klar\u0131n\u0131, kendilerinin de bu \u00e7al\u0131\u015fmay\u0131 \u00f6d\u00fcllendirdiklerini belirtti. Yap\u0131lan bu s\u00f6zle\u015fmenin t\u00fcm \u00e7al\u0131\u015fanlara ve idareye \u00a0hay\u0131rl\u0131 olmas\u0131n\u0131 diledi.\u00a0<\/span><span style=\"font-family: Times New Roman; font-size: small;\">\u00a0<\/span><\/p>\n<p><span style=\"font-family: Times New Roman; font-size: small;\">Genel Sekreter Eres\u2019den sonra s\u00f6z alan Yerelsen Genel Sekreter Yard\u0131mc\u0131s\u0131 Yahya Bilgin\u2019de Yerelsen\u2019in \u00e7al\u0131\u015fmalar\u0131 hakk\u0131nda k\u0131sa bir bilgi verdikten sonra, Yerelsen sayesinde art\u0131k s\u00f6zle\u015fmelerin belli bir standarda oturdu\u011funu ve kal\u0131c\u0131 bir i\u015f bar\u0131\u015f\u0131 sa\u011fland\u0131n\u0131 belirtti. \u0130mzalanan bu s\u00f6zle\u015fmenin taraflara hay\u0131rl\u0131 olmas\u0131n\u0131 diledi.<\/span><span style=\"font-family: Times New Roman; font-size: small;\">\u00a0<\/span><\/p>\n<p><span style=\"font-size: small;\"><span style=\"font-family: Times New Roman;\">Konu\u015fmalardan sonra alk\u0131\u015flar aras\u0131nda s\u00f6zle\u015fme taraflarca imzaland\u0131.\u00a0\u00a0<\/span><\/span><span style=\"font-family: Times New Roman; font-size: small;\">\u00a0<\/span><\/p>\n<p><strong><span style=\"font-family: Times New Roman;\">En y\u00fcksek yevmiye 60 TL. oldu\u2026<\/span><\/strong><span style=\"font-family: Times New Roman; font-size: small;\">\u00a0<\/span><\/p>\n<p><span style=\"font-family: Times New Roman; font-size: small;\">Var\u0131lan mutabakat sonucu \u00a0s\u00f6zle\u015fmesinin y\u00fcr\u00fcrl\u00fck s\u00fcresi 2 y\u0131l olarak kabul edildi. Y\u0131ll\u0131k ger\u00e7ekle\u015fen enflasyonun \u00fczerinde yap\u0131lan art\u0131\u015f sonucu en y\u00fcksek yevmiye 60,00 TL. oldu.\u00a0 Ayr\u0131ca sosyal haklara da \u00fccret zamm\u0131 oran\u0131nda art\u0131\u015f sa\u011fland\u0131. <\/span><\/p>\n","protected":false},"excerpt":{"rendered":"Kocaeli \u0130l \u00d6zel \u0130daresinde \u00a0\u00e7al\u0131\u015fan i\u015f\u00e7ileri kapsayan toplu i\u015f s\u00f6zle\u015fmesi; \u00d6zel \u0130dare binas\u0131nda d\u00fczenlenen bir t\u00f6renle imzaland\u0131.\u00a0 Yerelsen\u2019in 2012 y\u0131l\u0131nda [&hellip;]","protected":false},"author":3,"featured_media":1933,"comment_status":"closed","ping_status":"closed","sticky":false,"template":"","format":"standard","meta":{"footnotes":""},"categories":[1,24,25],"tags":[],"class_list":["post-1883","post","type-post","status-publish","format-standard","has-post-thumbnail","hentry","category-haberler","category-sozlesmeler","category-toplantilar"],"_links":{"self":[{"href":"https:\/\/yerelsen.org.tr\/index.php\/wp-json\/wp\/v2\/posts\/1883","targetHints":{"allow":["GET"]}}],"collection":[{"href":"https:\/\/yerelsen.org.tr\/index.php\/wp-json\/wp\/v2\/posts"}],"about":[{"href":"https:\/\/yerelsen.org.tr\/index.php\/wp-json\/wp\/v2\/types\/post"}],"author":[{"embeddable":true,"href":"https:\/\/yerelsen.org.tr\/index.php\/wp-json\/wp\/v2\/users\/3"}],"replies":[{"embeddable":true,"href":"https:\/\/yerelsen.org.tr\/index.php\/wp-json\/wp\/v2\/comments?post=1883"}],"version-history":[{"count":9,"href":"https:\/\/yerelsen.org.tr\/index.php\/wp-json\/wp\/v2\/posts\/1883\/revisions"}],"predecessor-version":[{"id":1890,"href":"https:\/\/yerelsen.org.tr\/index.php\/wp-json\/wp\/v2\/posts\/1883\/revisions\/1890"}],"wp:featuredmedia":[{"embeddable":true,"href":"https:\/\/yerelsen.org.tr\/index.php\/wp-json\/wp\/v2\/media\/1933"}],"wp:attachment":[{"href":"https:\/\/yerelsen.org.tr\/index.php\/wp-json\/wp\/v2\/media?parent=1883"}],"wp:term":[{"taxonomy":"category","embeddable":true,"href":"https:\/\/yerelsen.org.tr\/index.php\/wp-json\/wp\/v2\/categories?post=1883"},{"taxonomy":"post_tag","embeddable":true,"href":"https:\/\/yerelsen.org.tr\/index.php\/wp-json\/wp\/v2\/tags?post=1883"}],"curies":[{"name":"wp","href":"https:\/\/api.w.org\/{rel}","templated":true}]}}