{"id":1898,"date":"2012-04-27T10:14:44","date_gmt":"2012-04-27T08:14:44","guid":{"rendered":"https:\/\/yerelsen.org.tr\/?p=1898"},"modified":"2012-04-27T10:23:50","modified_gmt":"2012-04-27T08:23:50","slug":"cayirova-belediyesinde-anlasma-saglandi","status":"publish","type":"post","link":"https:\/\/yerelsen.org.tr\/index.php\/cayirova-belediyesinde-anlasma-saglandi\/","title":{"rendered":"\u00c7ay\u0131rova Belediyesinde anla\u015fma sa\u011fland\u0131\u2026"},"content":{"rendered":"<p><span style=\"font-family: Times New Roman; font-size: small;\">\u00c7ay\u0131rova Belediyesinde \u00a0\u00e7al\u0131\u015fan 93 i\u015f\u00e7iyi kapsayan toplu i\u015f s\u00f6zle\u015fmesi anla\u015fmayla sonu\u00e7land\u0131.<\/span><span style=\"font-family: Times New Roman; font-size: small;\">\u00a0<\/span><\/p>\n<p><span style=\"font-family: Times New Roman; font-size: small;\">G\u00f6r\u00fc\u015fmelere 2012 y\u0131l\u0131 ba\u015f\u0131nda ba\u015flanan ve \u0130\u015fveren ad\u0131na\u00a0 Yerelsen\u2019in y\u00fcr\u00fctt\u00fc\u011f\u00fc toplu i\u015f s\u00f6zle\u015fme g\u00f6r\u00fc\u015fmelerinde mutlu sona ula\u015f\u0131ld\u0131. Yerelsen \u00a0s\u00f6zle\u015fme g\u00f6r\u00fc\u015fmelerini Hizmet \u0130\u015f sendikas\u0131 yetkilileriyle y\u00fcr\u00fctt\u00fc. 2012 y\u0131l\u0131nda yakla\u015f\u0131k olarak 40 Belediye ve Kamu Kurumunun s\u00f6zle\u015fmesini y\u00fcr\u00fcten Yerelsen\u2019in bu y\u0131l i\u00e7inde \u015fu ana kadar\u00a0 imzalad\u0131\u011f\u0131 19. S\u00f6zle\u015fme oldu.\u00a0<\/span><span style=\"font-family: Times New Roman; font-size: small;\">\u00a0<\/span><\/p>\n<p><span style=\"font-family: Times New Roman; font-size: small;\"><a href=\"https:\/\/yerelsen.org.tr\/wp-content\/uploads\/2012\/04\/IMG_5501.jpg\"><img loading=\"lazy\" decoding=\"async\" class=\"alignleft size-medium wp-image-1906\" title=\"IMG_5501\" src=\"https:\/\/yerelsen.org.tr\/wp-content\/uploads\/2012\/04\/IMG_5501-620x413.jpg\" alt=\"\" width=\"620\" height=\"413\" srcset=\"https:\/\/yerelsen.org.tr\/wp-content\/uploads\/2012\/04\/IMG_5501-620x413.jpg 620w, https:\/\/yerelsen.org.tr\/wp-content\/uploads\/2012\/04\/IMG_5501.jpg 820w\" sizes=\"auto, (max-width: 620px) 100vw, 620px\" \/><\/a><\/span><\/p>\n<p><span style=\"font-family: Times New Roman; font-size: small;\">\u00c7ay\u0131rova Belediyesi toplant\u0131 salonunda yap\u0131lan imza t\u00f6reni Yerelsen Genel Sekreteri M\u00fcmtaz Uzun, Yerelsen Genel Sekreter Yard\u0131mc\u0131s\u0131 Yahya Bilgin, \u00c7ay\u0131rova Belediye Ba\u015fkan\u0131 Ziyaettin Akba\u015f,\u00a0 Belediye \u00a0y\u00f6neticileri, Hizmet \u0130\u015f Sendikas\u0131 y\u00f6neticileri ve \u00a0\u00e7ok say\u0131da i\u015f\u00e7inin kat\u0131l\u0131m\u0131yla ger\u00e7ekle\u015ftirildi.<\/span><span style=\"font-family: Times New Roman; font-size: small;\">\u00a0<\/span><\/p>\n<p><span style=\"font-family: Times New Roman; font-size: small;\">T\u00f6rende bir konu\u015fma yapan Belediye Ba\u015fkan\u0131 Ziyaettin Akba\u015f, \u00f6ncelikle imza alt\u0131na al\u0131nan s\u00f6zle\u015fme ile ilgili bilgi aktard\u0131. G\u00fcn\u00fcm\u00fcz \u015fartlar\u0131na g\u00f6re \u00fccretlerde hat\u0131r\u0131 say\u0131l\u0131r bir iyile\u015ftirme yapt\u0131klar\u0131n\u0131 s\u00f6yledi. \u00c7al\u0131\u015fanlar\u0131n emeklerinin kar\u015f\u0131l\u0131\u011f\u0131n\u0131 her zaman fazlas\u0131yla verdiklerini ve bu durumun bundan sonrada devam edece\u011fini s\u00f6yledi. Yap\u0131lan bu s\u00f6zle\u015fmenin t\u00fcm \u00e7al\u0131\u015fanlara ve belediyeye \u00a0\u00a0hay\u0131rl\u0131 olmas\u0131n\u0131 diledi.\u00a0<\/span><span style=\"font-family: Times New Roman; font-size: small;\">\u00a0<\/span><\/p>\n<p><span style=\"font-family: Times New Roman; font-size: small;\">\u00a0\u00a0\u00a0\u00a0\u00a0\u00a0\u00a0\u00a0\u00a0\u00a0\u00a0\u00a0\u00a0\u00a0\u00a0\u00a0\u00a0\u00a0\u00a0\u00a0\u00a0\u00a0\u00a0\u00a0\u00a0\u00a0\u00a0\u00a0\u00a0\u00a0\u00a0\u00a0\u00a0\u00a0\u00a0\u00a0\u00a0\u00a0\u00a0\u00a0\u00a0\u00a0\u00a0\u00a0\u00a0\u00a0\u00a0\u00a0\u00a0\u00a0\u00a0\u00a0\u00a0\u00a0\u00a0\u00a0\u00a0\u00a0\u00a0\u00a0\u00a0\u00a0\u00a0\u00a0\u00a0\u00a0\u00a0\u00a0\u00a0\u00a0\u00a0\u00a0\u00a0\u00a0\u00a0\u00a0\u00a0\u00a0\u00a0\u00a0\u00a0\u00a0\u00a0\u00a0\u00a0\u00a0\u00a0\u00a0\u00a0\u00a0\u00a0\u00a0\u00a0\u00a0\u00a0\u00a0\u00a0\u00a0\u00a0\u00a0\u00a0\u00a0\u00a0\u00a0\u00a0\u00a0\u00a0\u00a0\u00a0\u00a0\u00a0\u00a0\u00a0\u00a0\u00a0\u00a0\u00a0\u00a0\u00a0\u00a0\u00a0\u00a0\u00a0\u00a0\u00a0\u00a0\u00a0\u00a0\u00a0\u00a0\u00a0\u00a0\u00a0\u00a0\u00a0\u00a0\u00a0\u00a0\u00a0\u00a0\u00a0\u00a0\u00a0\u00a0\u00a0\u00a0\u00a0\u00a0\u00a0\u00a0\u00a0\u00a0\u00a0\u00a0\u00a0\u00a0\u00a0\u00a0\u00a0\u00a0\u00a0\u00a0\u00a0\u00a0\u00a0\u00a0\u00a0\u00a0\u00a0\u00a0\u00a0\u00a0\u00a0\u00a0\u00a0\u00a0\u00a0\u00a0\u00a0\u00a0\u00a0\u00a0\u00a0\u00a0\u00a0\u00a0\u00a0 Ba\u015fkan Akba\u015f\u2019dan sonra s\u00f6z alan Yerelsen Genel Sekreteri M\u00fcmtaz Uzun, ilk olarak Yerelsen hakk\u0131nda k\u0131sa bir bilgi verdi. Yerelsen\u2019in bir ihtiya\u00e7 sonucu kuruldu\u011funu ve bug\u00fcn o ihtiyaca fazlas\u0131yla kar\u015f\u0131l\u0131k verdi\u011fini belirtti. \u00dclkemizin bir\u00e7ok il, il\u00e7e ve belde belediyeleri ile belediye i\u015ftiraklar\u0131n\u0131n \u00fcye oldu\u011fu Yerelsen\u2019in misyonun hakk\u0131n\u0131 fazlas\u0131yla yerine getirdi\u011fini s\u00f6yledi. Yerelsen sayesinde art\u0131k s\u00f6zle\u015fmelerin belli bir standarda oturdu\u011funu ve kal\u0131c\u0131 bir i\u015f bar\u0131\u015f\u0131 sa\u011fland\u0131n\u0131 belirtti. \u00c7ay\u0131rova Belediyesinde de uzun\u00a0 g\u00f6r\u00fc\u015fmeler sonucu taraflar\u0131 memnun edecek bir s\u00f6zle\u015fmenin ortaya \u00e7\u0131kar\u0131ld\u0131\u011f\u0131n\u0131 s\u00f6yledi. \u0130mzalanan bu s\u00f6zle\u015fmenin taraflara hay\u0131rl\u0131 olmas\u0131n\u0131 diledi.<\/span><span style=\"font-family: Times New Roman; font-size: small;\">\u00a0<\/span><\/p>\n<p><span style=\"font-size: small;\"><span style=\"font-family: Times New Roman;\">Konu\u015fmalardan sonra alk\u0131\u015flar aras\u0131nda s\u00f6zle\u015fme taraflarca imzaland\u0131.\u00a0\u00a0<\/span><\/span><span style=\"font-family: Times New Roman; font-size: small;\">\u00a0<\/span><\/p>\n<p><span style=\"font-family: Times New Roman; font-size: small;\">\u0130mzalanan bu s\u00f6zle\u015fmenin ba\u015flang\u0131c\u0131 01.01.2012 olmak \u00fczere \u00a0y\u00fcr\u00fcrl\u00fck s\u00fcresi 3 y\u0131l olarak kabul edildi. \u00dccretlere ortalama %11 civar\u0131nda bir art\u0131\u015f sa\u011flanm\u0131\u015f oldu. S\u00f6zle\u015fmenin 2. Ve 3. Y\u0131llar\u0131nda ise ger\u00e7ekle\u015fecek enflasyona \u00a0g\u00f6re bir art\u0131\u015f yap\u0131lmas\u0131 \u00f6ng\u00f6r\u00fcld\u00fc. Ayr\u0131ca sosyal haklara da \u00fccret zamm\u0131 oran\u0131nda art\u0131\u015f sa\u011fland\u0131. <\/span><\/p>\n","protected":false},"excerpt":{"rendered":"\u00c7ay\u0131rova Belediyesinde \u00a0\u00e7al\u0131\u015fan 93 i\u015f\u00e7iyi kapsayan toplu i\u015f s\u00f6zle\u015fmesi anla\u015fmayla sonu\u00e7land\u0131.\u00a0 G\u00f6r\u00fc\u015fmelere 2012 y\u0131l\u0131 ba\u015f\u0131nda ba\u015flanan ve \u0130\u015fveren ad\u0131na\u00a0 Yerelsen\u2019in [&hellip;]","protected":false},"author":3,"featured_media":1899,"comment_status":"closed","ping_status":"closed","sticky":false,"template":"","format":"standard","meta":{"footnotes":""},"categories":[1,24,25],"tags":[],"class_list":["post-1898","post","type-post","status-publish","format-standard","has-post-thumbnail","hentry","category-haberler","category-sozlesmeler","category-toplantilar"],"_links":{"self":[{"href":"https:\/\/yerelsen.org.tr\/index.php\/wp-json\/wp\/v2\/posts\/1898","targetHints":{"allow":["GET"]}}],"collection":[{"href":"https:\/\/yerelsen.org.tr\/index.php\/wp-json\/wp\/v2\/posts"}],"about":[{"href":"https:\/\/yerelsen.org.tr\/index.php\/wp-json\/wp\/v2\/types\/post"}],"author":[{"embeddable":true,"href":"https:\/\/yerelsen.org.tr\/index.php\/wp-json\/wp\/v2\/users\/3"}],"replies":[{"embeddable":true,"href":"https:\/\/yerelsen.org.tr\/index.php\/wp-json\/wp\/v2\/comments?post=1898"}],"version-history":[{"count":9,"href":"https:\/\/yerelsen.org.tr\/index.php\/wp-json\/wp\/v2\/posts\/1898\/revisions"}],"predecessor-version":[{"id":1904,"href":"https:\/\/yerelsen.org.tr\/index.php\/wp-json\/wp\/v2\/posts\/1898\/revisions\/1904"}],"wp:featuredmedia":[{"embeddable":true,"href":"https:\/\/yerelsen.org.tr\/index.php\/wp-json\/wp\/v2\/media\/1899"}],"wp:attachment":[{"href":"https:\/\/yerelsen.org.tr\/index.php\/wp-json\/wp\/v2\/media?parent=1898"}],"wp:term":[{"taxonomy":"category","embeddable":true,"href":"https:\/\/yerelsen.org.tr\/index.php\/wp-json\/wp\/v2\/categories?post=1898"},{"taxonomy":"post_tag","embeddable":true,"href":"https:\/\/yerelsen.org.tr\/index.php\/wp-json\/wp\/v2\/tags?post=1898"}],"curies":[{"name":"wp","href":"https:\/\/api.w.org\/{rel}","templated":true}]}}