{"id":1934,"date":"2012-05-30T10:23:36","date_gmt":"2012-05-30T08:23:36","guid":{"rendered":"https:\/\/yerelsen.org.tr\/?p=1934"},"modified":"2012-05-30T10:28:53","modified_gmt":"2012-05-30T08:28:53","slug":"bolu-belediyesinde-mutlu-son","status":"publish","type":"post","link":"https:\/\/yerelsen.org.tr\/index.php\/bolu-belediyesinde-mutlu-son\/","title":{"rendered":"Bolu Belediyesinde mutlu son\u2026."},"content":{"rendered":"<p><span style=\"font-family: Times New Roman; font-size: small;\">Bolu \u00a0Belediyesinde \u00a0\u00e7al\u0131\u015fan 205 i\u015f\u00e7iyi ilgilendiren toplu i\u015f s\u00f6zle\u015fmesi; d\u00fczenlenen geni\u015f kat\u0131l\u0131ml\u0131 bir t\u00f6renle imzaland\u0131.<\/span><\/p>\n<p><span style=\"font-family: Times New Roman; font-size: small;\">Yerelsen\u2019in\u00a0 \u00fcyelerinden olan Bolu Belediyesinde, ge\u00e7en d\u00f6nem s\u00f6zle\u015fme taraflar anla\u015famad\u0131\u011f\u0131 i\u00e7in Y\u00fcksek Hakem Kurulunca ba\u011f\u0131tlanm\u0131\u015ft\u0131. Bu d\u00f6nem ise Yerelsen toplu i\u015f s\u00f6zle\u015fmesi g\u00f6r\u00fc\u015fmelerini ba\u015far\u0131yla tamamlad\u0131. \u0130\u015fveren ad\u0131na \u00a0g\u00f6r\u00fc\u015fmelere kat\u0131lan Yerelsen s\u00f6zle\u015fme g\u00f6r\u00fc\u015fmelerini Belediye-i\u015f sendikas\u0131 yetkilileriyle y\u00fcr\u00fctt\u00fc. Yap\u0131lan uzun g\u00f6r\u00fc\u015fmeler sonunda taraflar mutabakata vard\u0131.<\/span><span style=\"font-family: Times New Roman; font-size: small;\">\u00a0<\/span><\/p>\n<p><strong><span style=\"font-family: Times New Roman;\">\u0130mza t\u00f6reni Bolu Belediyesi\u2019nde yap\u0131ld\u0131\u2026<\/span><\/strong><span style=\"font-family: Times New Roman; font-size: small;\">\u00a0<\/span><\/p>\n<p><span style=\"font-family: Times New Roman; font-size: small;\">Bolu Belediyesi Hizmet Binas\u0131 \u00f6n\u00fcnde bulunan alanda yap\u0131lan imza t\u00f6renine \u00a0Yerelsen\u2019i\u00a0 Genel Sekreter M\u00fcmtaz Uzun ve Yerelsen \u00a0Uzman personeli Mete Bilgin temsil etti. Ayr\u0131ca Bolu \u00a0Belediye Ba\u015fkan\u0131 Alaaddin Y\u0131lmaz, Belediye Ba\u015fkan Yard\u0131mc\u0131lar\u0131, Belediye y\u00f6neticileri, Belediye i\u015f sendikas\u0131n\u0131n Bolu \u015eube y\u00f6neticilerinin yan\u0131s\u0131ra , \u00a0halktan ve \u00e7al\u0131\u015fanlardan \u00e7ok say\u0131da ki\u015fi kat\u0131ld\u0131.<\/span><span style=\"font-family: Times New Roman; font-size: small;\">\u00a0<\/span><\/p>\n<p><span style=\"font-family: Times New Roman; font-size: small;\">T\u00f6rende a\u00e7\u0131l\u0131\u015f konu\u015fmas\u0131n\u0131 yapan\u00a0 Belediye Ba\u015fkan\u0131\u00a0 Alaaddin Y\u0131lmaz, her zaman s\u00f6zle\u015fmeyi masada bitirmek istediklerini ama bu g\u00fcne kadar muvaffak olamad\u0131klar\u0131n\u0131 s\u00f6yledi. Ancak bug\u00fcn gelinen noktada s\u00f6zle\u015fmeyi ilk kez masada her iki taraf\u0131n anla\u015fmas\u0131yla bitirdiklerini s\u00f6yledi. \u0130\u015f\u00e7ilerin Bolu Belediyesinin ger\u00e7ek sahipleri oldu\u011funu, kendilerinin ve di\u011fer y\u00f6neticilerin gelip ge\u00e7ici oldu\u011funu s\u00f6yleyen Y\u0131lmaz, i\u015f\u00e7ilere \u00a0imkanlar\u0131 zorlayarak en iyi \u015fartlarda zam verdiklerini ifade etti. Bu s\u00f6zle\u015fmenin anla\u015fmayla sonu\u00e7lanmas\u0131nda katk\u0131s\u0131 olan herkese te\u015fekk\u00fcr eden Y\u0131lmaz, \u00f6zellikle kendileri ad\u0131na s\u00f6zle\u015fmeyi ba\u015f\u0131ndan sonuna kadar iyi bir \u015fekilde y\u00fcr\u00fcten Yerelsen\u2019e \u00e7ok te\u015fekk\u00fcr etti. Farklar\u0131n en k\u0131sa s\u00fcrede verilece\u011fini belirten Ba\u015fkan Y\u0131lmaz, s\u00f6zle\u015fmenin t\u00fcm \u00e7al\u0131\u015fanlara hay\u0131rl\u0131 ve bereketli olmas\u0131n\u0131 diledi.\u00a0<\/span><span style=\"font-family: Times New Roman; font-size: small;\">\u00a0<\/span><\/p>\n<p><span style=\"font-family: Times New Roman; font-size: small;\"><a href=\"https:\/\/yerelsen.org.tr\/wp-content\/uploads\/2012\/05\/IMG_0064.jpg\"><img loading=\"lazy\" decoding=\"async\" class=\"alignleft size-medium wp-image-1940\" title=\"IMG_0064\" src=\"https:\/\/yerelsen.org.tr\/wp-content\/uploads\/2012\/05\/IMG_0064-620x413.jpg\" alt=\"\" width=\"620\" height=\"413\" srcset=\"https:\/\/yerelsen.org.tr\/wp-content\/uploads\/2012\/05\/IMG_0064-620x413.jpg 620w, https:\/\/yerelsen.org.tr\/wp-content\/uploads\/2012\/05\/IMG_0064.jpg 843w\" sizes=\"auto, (max-width: 620px) 100vw, 620px\" \/><\/a><\/span><\/p>\n<p><span style=\"font-family: Times New Roman; font-size: small;\">Konu\u015fmalardan sonra alk\u0131\u015flar aras\u0131nda s\u00f6zle\u015fme taraflarca imzaland\u0131. S\u00f6zle\u015fmenin imzalanmas\u0131ndan sonra i\u015fveren ve i\u015f\u00e7i sendikas\u0131 temsilcileri kar\u015f\u0131l\u0131kl\u0131 olarak birbirlerine \u00e7i\u00e7ek \u00a0\u00a0takdim ettiler.<\/span><span style=\"font-family: Times New Roman; font-size: small;\">\u00a0<\/span><\/p>\n<p><strong><span style=\"font-family: Times New Roman;\">Yevmiyelere \u00a0seyyanen ilk 6 ay 3 TL , ikinci 6 ay 3 TL. \u00a0zam\u2026<\/span><\/strong><strong><span style=\"font-family: Times New Roman;\">\u00a0<\/span><\/strong><\/p>\n<p><span style=\"font-size: small;\"><span style=\"font-family: Times New Roman;\">Var\u0131lan mutabakat sonucu \u00e7al\u0131\u015fanlar\u0131n yevmiyelerine 1. y\u0131l ilk 6 ay i\u00e7in 3 TL, ikinci 6 ay i\u00e7in 3 TL. zam yap\u0131ld\u0131. Ayn\u0131 \u015fekilde \u00a0ikinci y\u0131l ilk 6 ay i\u00e7in 3 TL, ikinci 6 ay i\u00e7inde 3 TL. seyyanen zam yap\u0131ld\u0131. \u00a0Sosyal haklarda da ayn\u0131 oranlarda art\u0131\u015f sa\u011flanm\u0131\u015f oldu. \u00a0<\/span><\/span><\/p>\n","protected":false},"excerpt":{"rendered":"Bolu \u00a0Belediyesinde \u00a0\u00e7al\u0131\u015fan 205 i\u015f\u00e7iyi ilgilendiren toplu i\u015f s\u00f6zle\u015fmesi; d\u00fczenlenen geni\u015f kat\u0131l\u0131ml\u0131 bir t\u00f6renle imzaland\u0131. Yerelsen\u2019in\u00a0 \u00fcyelerinden olan Bolu Belediyesinde, [&hellip;]","protected":false},"author":3,"featured_media":1936,"comment_status":"closed","ping_status":"closed","sticky":false,"template":"","format":"standard","meta":{"footnotes":""},"categories":[1,24,25],"tags":[],"class_list":["post-1934","post","type-post","status-publish","format-standard","has-post-thumbnail","hentry","category-haberler","category-sozlesmeler","category-toplantilar"],"_links":{"self":[{"href":"https:\/\/yerelsen.org.tr\/index.php\/wp-json\/wp\/v2\/posts\/1934","targetHints":{"allow":["GET"]}}],"collection":[{"href":"https:\/\/yerelsen.org.tr\/index.php\/wp-json\/wp\/v2\/posts"}],"about":[{"href":"https:\/\/yerelsen.org.tr\/index.php\/wp-json\/wp\/v2\/types\/post"}],"author":[{"embeddable":true,"href":"https:\/\/yerelsen.org.tr\/index.php\/wp-json\/wp\/v2\/users\/3"}],"replies":[{"embeddable":true,"href":"https:\/\/yerelsen.org.tr\/index.php\/wp-json\/wp\/v2\/comments?post=1934"}],"version-history":[{"count":5,"href":"https:\/\/yerelsen.org.tr\/index.php\/wp-json\/wp\/v2\/posts\/1934\/revisions"}],"predecessor-version":[{"id":1938,"href":"https:\/\/yerelsen.org.tr\/index.php\/wp-json\/wp\/v2\/posts\/1934\/revisions\/1938"}],"wp:featuredmedia":[{"embeddable":true,"href":"https:\/\/yerelsen.org.tr\/index.php\/wp-json\/wp\/v2\/media\/1936"}],"wp:attachment":[{"href":"https:\/\/yerelsen.org.tr\/index.php\/wp-json\/wp\/v2\/media?parent=1934"}],"wp:term":[{"taxonomy":"category","embeddable":true,"href":"https:\/\/yerelsen.org.tr\/index.php\/wp-json\/wp\/v2\/categories?post=1934"},{"taxonomy":"post_tag","embeddable":true,"href":"https:\/\/yerelsen.org.tr\/index.php\/wp-json\/wp\/v2\/tags?post=1934"}],"curies":[{"name":"wp","href":"https:\/\/api.w.org\/{rel}","templated":true}]}}