{"id":1959,"date":"2012-06-15T10:15:52","date_gmt":"2012-06-15T08:15:52","guid":{"rendered":"https:\/\/yerelsen.org.tr\/?p=1959"},"modified":"2012-06-15T10:18:31","modified_gmt":"2012-06-15T08:18:31","slug":"cankiri-belediyesinde-sozlesme-tamamlandi","status":"publish","type":"post","link":"https:\/\/yerelsen.org.tr\/index.php\/cankiri-belediyesinde-sozlesme-tamamlandi\/","title":{"rendered":"\u00c7ank\u0131r\u0131  Belediyesinde s\u00f6zle\u015fme tamamland\u0131\u2026"},"content":{"rendered":"<p><span style=\"font-family: Times New Roman; font-size: small;\">Kuruldu\u011fu g\u00fcnden beri \u00fcyesi bulunan belediyelere en \u00fcst d\u00fczeyde hizmet veren Yerelsen, bu \u00e7al\u0131\u015fmalar\u0131na h\u0131z kesmeden devam ediyor. Bu hizmetlere \u00c7ank\u0131r\u0131 Belediyesinde yap\u0131lan toplu i\u015f s\u00f6zle\u015fmesiyle devam edildi. \u00c7ank\u0131r\u0131 Belediyesinde \u00a0\u00e7al\u0131\u015fan i\u015f\u00e7ileri ilgilendiren toplu i\u015f s\u00f6zle\u015fmesi; d\u00fczenlenen geni\u015f kat\u0131l\u0131ml\u0131 bir t\u00f6renle imzaland\u0131. Yerelsenin yeni \u00fcyelerinden olan \u00c7ank\u0131r\u0131 Belediyesinde, bu y\u0131l ilk kez Yerelsen taraf\u0131ndan y\u00fcr\u00fct\u00fclen toplu i\u015f s\u00f6zle\u015fmesi g\u00f6r\u00fc\u015fmeleri ba\u015far\u0131yla neticelendi. G\u00f6r\u00fc\u015fmeleri uzman ekibiyle y\u00fcr\u00fcten Yerelsen, s\u00f6zle\u015fmenin idari maddelerini tekrar d\u00fczenleyerek, i\u015f bar\u0131\u015f\u0131 konusunda olumlu ad\u0131mlar at\u0131lmas\u0131n\u0131 sa\u011flad\u0131.<\/span><strong><span style=\"font-family: Times New Roman;\">\u00a0<\/span><\/strong><\/p>\n<p><strong><span style=\"font-family: Times New Roman;\">\u0130mza t\u00f6reni tarihi binada yap\u0131ld\u0131\u2026<\/span><\/strong><strong><span style=\"font-family: Times New Roman;\">\u00a0<\/span><\/strong><\/p>\n<p><span style=\"font-family: Times New Roman; font-size: small;\">Taraflar\u0131n \u00fczerinde mutabakat sa\u011flad\u0131\u011f\u0131 s\u00f6zle\u015fme II.Abd\u00fclhamit Han D\u00f6neminde yap\u0131lan tarihi \u00e7ama\u015f\u0131rhane binas\u0131nda imzaland\u0131. \u0130mza t\u00f6renine \u00a0Yerelsen\u2019i temsilen Genel Ba\u015fkan Vekili Dr. Mustafa \u00c7\u00f6po\u011flu, Genel Sekreter M\u00fcmtaz Uzun, Genel Sekreter Yard\u0131mc\u0131s\u0131 Yahya Bilgin ve Yerelsen \u00a0Uzman personeli Hasan Tenlik kat\u0131ld\u0131. Ayr\u0131ca \u00c7ank\u0131r\u0131 \u00a0Belediye Ba\u015fkan\u0131 \u0130rfan Din\u00e7, Belediye Ba\u015fkan Yard\u0131mc\u0131lar\u0131, Belediye y\u00f6neticileri, Hizmet i\u015f sendikas\u0131 y\u00f6neticilerinin yan\u0131 s\u0131ra, \u00e7ok say\u0131da \u00e7al\u0131\u015fan kat\u0131ld\u0131.<\/span><span style=\"font-family: Times New Roman; font-size: small;\">\u00a0<\/span><\/p>\n<p><span style=\"font-family: Times New Roman; font-size: small;\">T\u00f6rende a\u00e7\u0131l\u0131\u015f konu\u015fmas\u0131n\u0131 yapan\u00a0 Belediye Ba\u015fkan\u0131\u00a0 \u0130rfan Din\u00e7, \u00e7al\u0131\u015fanlar\u0131n belediyenin ger\u00e7ek sahibi oldu\u011funu ve hizmeti bu arkada\u015flarla birlikte yapt\u0131klar\u0131n\u0131 s\u00f6yledi. Kendilerininde bu hizmet kar\u015f\u0131l\u0131\u011f\u0131nda ellerinden gelen en iyi imkanlar\u0131 \u00e7al\u0131\u015fanlar\u0131na sunduklar\u0131n\u0131 belirtti.Yap\u0131lan \u00fccret art\u0131\u015flar\u0131n\u0131n ekonomik ko\u015fullar g\u00f6z \u00f6n\u00fcne al\u0131nd\u0131\u011f\u0131nda k\u00fc\u00e7\u00fcmsenmeyecek bir art\u0131\u015f oldu\u011funu s\u00f6yleyen Din\u00e7, s\u00f6zle\u015fmede eme\u011fi ge\u00e7en herkese, \u00f6zellikle Yerelsen y\u00f6neticilerine \u00e7ok te\u015fekk\u00fcr ederek, s\u00f6zle\u015fmenin herkes i\u00e7in hay\u0131rl\u0131 olmas\u0131n\u0131 diledi.<\/span><span style=\"font-family: Times New Roman; font-size: small;\">\u00a0<\/span><\/p>\n<p><span style=\"font-family: Times New Roman; font-size: small;\">Ba\u015fkan Din\u00e7\u2019den sonra s\u00f6z alan Yerelsen Genel Ba\u015fkan Vekili Dr. Mustafa \u00c7\u00f6po\u011flu\u2019da \u00c7ank\u0131r\u0131\u2019da bulunmaktan ve burada Yerelsen olarak s\u00f6zle\u015fme yapmaktan duydu memnuniyeti belirterek s\u00f6zlerine ba\u015flad\u0131. Yerelsenin faaliyetleri hakk\u0131nda bilgiler veren \u00c7\u00f6po\u011flu, s\u00f6zle\u015fmenin hem i\u015fverene hem de i\u015f\u00e7ilere hay\u0131rl\u0131 olmas\u0131n\u0131 diledi.<\/span><\/p>\n<p><span style=\"font-family: Times New Roman; font-size: small;\"><a href=\"https:\/\/yerelsen.org.tr\/wp-content\/uploads\/2012\/06\/IMG_9097.jpg\"><img loading=\"lazy\" decoding=\"async\" class=\"alignleft  wp-image-1965\" title=\"IMG_9097\" src=\"https:\/\/yerelsen.org.tr\/wp-content\/uploads\/2012\/06\/IMG_9097.jpg\" alt=\"\" width=\"620\" height=\"389\" \/><\/a><\/span><\/p>\n<p><span style=\"font-size: small;\"><span style=\"font-family: Times New Roman;\">Yap\u0131lan konu\u015fmalardan sonra imzalar at\u0131ld\u0131 ve s\u00f6zle\u015fme y\u00fcr\u00fcrl\u00fc\u011fe girmi\u015f oldu.Var\u0131lan mutabakat sonucu \u00e7al\u0131\u015fanlar\u0131n yevmiyelerine 6 ayl\u0131k d\u00f6nemler halinde %7,5 \u00a0oran\u0131nda zam yap\u0131ld\u0131. Sosyal haklarda da ayn\u0131 oranlarda art\u0131\u015f sa\u011flanm\u0131\u015f oldu.\u00a0\u00a0<\/span><\/span><\/p>\n","protected":false},"excerpt":{"rendered":"Kuruldu\u011fu g\u00fcnden beri \u00fcyesi bulunan belediyelere en \u00fcst d\u00fczeyde hizmet veren Yerelsen, bu \u00e7al\u0131\u015fmalar\u0131na h\u0131z kesmeden devam ediyor. Bu hizmetlere [&hellip;]","protected":false},"author":3,"featured_media":1961,"comment_status":"closed","ping_status":"closed","sticky":false,"template":"","format":"standard","meta":{"footnotes":""},"categories":[1,24,25],"tags":[],"class_list":["post-1959","post","type-post","status-publish","format-standard","has-post-thumbnail","hentry","category-haberler","category-sozlesmeler","category-toplantilar"],"_links":{"self":[{"href":"https:\/\/yerelsen.org.tr\/index.php\/wp-json\/wp\/v2\/posts\/1959","targetHints":{"allow":["GET"]}}],"collection":[{"href":"https:\/\/yerelsen.org.tr\/index.php\/wp-json\/wp\/v2\/posts"}],"about":[{"href":"https:\/\/yerelsen.org.tr\/index.php\/wp-json\/wp\/v2\/types\/post"}],"author":[{"embeddable":true,"href":"https:\/\/yerelsen.org.tr\/index.php\/wp-json\/wp\/v2\/users\/3"}],"replies":[{"embeddable":true,"href":"https:\/\/yerelsen.org.tr\/index.php\/wp-json\/wp\/v2\/comments?post=1959"}],"version-history":[{"count":5,"href":"https:\/\/yerelsen.org.tr\/index.php\/wp-json\/wp\/v2\/posts\/1959\/revisions"}],"predecessor-version":[{"id":1964,"href":"https:\/\/yerelsen.org.tr\/index.php\/wp-json\/wp\/v2\/posts\/1959\/revisions\/1964"}],"wp:featuredmedia":[{"embeddable":true,"href":"https:\/\/yerelsen.org.tr\/index.php\/wp-json\/wp\/v2\/media\/1961"}],"wp:attachment":[{"href":"https:\/\/yerelsen.org.tr\/index.php\/wp-json\/wp\/v2\/media?parent=1959"}],"wp:term":[{"taxonomy":"category","embeddable":true,"href":"https:\/\/yerelsen.org.tr\/index.php\/wp-json\/wp\/v2\/categories?post=1959"},{"taxonomy":"post_tag","embeddable":true,"href":"https:\/\/yerelsen.org.tr\/index.php\/wp-json\/wp\/v2\/tags?post=1959"}],"curies":[{"name":"wp","href":"https:\/\/api.w.org\/{rel}","templated":true}]}}