{"id":1987,"date":"2012-06-26T11:21:59","date_gmt":"2012-06-26T09:21:59","guid":{"rendered":"https:\/\/yerelsen.org.tr\/?p=1987"},"modified":"2012-06-26T11:31:48","modified_gmt":"2012-06-26T09:31:48","slug":"yerelsen-domif-2012deydi","status":"publish","type":"post","link":"https:\/\/yerelsen.org.tr\/index.php\/yerelsen-domif-2012deydi\/","title":{"rendered":"Yerelsen DOM\u0130F 2012\u2019deydi\u2026"},"content":{"rendered":"<p><span style=\"font-family: Calibri;\">K\u0131sa ad\u0131 MARKA olan Do\u011fu Marmara Kalk\u0131nma Ajans\u0131 ve \u0130\u015fkur taraf\u0131ndan organize edilen \u00a0DOM\u0130F 2012-Do\u011fu Marmara \u0130nsan Kaynaklar\u0131 ve \u0130stihdam Fuar\u0131 yap\u0131ld\u0131.<\/span><\/p>\n<p><span style=\"font-family: Calibri;\">Sendikam\u0131z Yerelsen\u2019in de i\u015ftirak etti\u011fi fuar Kocaeli\u2019de bulunan \u0130nterteks Uluslararas\u0131 Fuar alan\u0131nda yap\u0131ld\u0131. Kuruldu\u011fu g\u00fcnden beri k\u0131sa zamanda yurt genelinde \u00f6rg\u00fctlenen ve ad\u0131ndan s\u0131k\u00e7a s\u00f6z ettiren YERELSEN, sadece toplu i\u015f s\u00f6zle\u015fmesi de\u011fil i\u015f hayat\u0131yla ilgili her t\u00fcrl\u00fc faaliyetin i\u00e7inde bulundu\u011funu bir kere daha g\u00f6sterdi.<\/span><\/p>\n<p><span style=\"font-family: Calibri;\"><a href=\"https:\/\/yerelsen.org.tr\/wp-content\/uploads\/2012\/06\/IMG_27121.jpg\"><img loading=\"lazy\" decoding=\"async\" class=\"aligncenter  wp-image-1994\" title=\"IMG_2712\" src=\"https:\/\/yerelsen.org.tr\/wp-content\/uploads\/2012\/06\/IMG_27121.jpg\" alt=\"\" width=\"610\" height=\"448\" \/><\/a><\/span><\/p>\n<p><span style=\"font-family: Calibri;\">200 den fazla firma ve kurumun i\u015ftirak etti\u011fi ve 3 g\u00fcn s\u00fcren fuara kat\u0131l\u0131m beklentinin \u00e7ok \u00fczerinde ger\u00e7ekle\u015fti. Yerelsen, hem kurmu\u015f oldu\u011fu stand\u0131yla, hem de ziyaret\u00e7ilerin g\u00f6sterdi\u011fi yo\u011fun ilgiden dolay\u0131 fuar\u0131n en g\u00f6zde kurulu\u015flar\u0131ndan biri oldu.<\/span><\/p>\n<p><strong><span style=\"font-family: Calibri;\">Bakan Yard\u0131mc\u0131s\u0131ndan ziyaret\u2026<\/span><\/strong><\/p>\n<p><span style=\"font-family: Calibri;\">\u00c7al\u0131\u015fma ve Sosyal G\u00fcvenlik Bakan Yard\u0131mc\u0131s\u0131 Halil ETYEMEZ\u2019de fuara kat\u0131lanlar aras\u0131ndayd\u0131. Stand\u0131m\u0131z\u0131 ziyaret eden Etyemez, Sendikam\u0131z hakk\u0131nda bilgiler ald\u0131. Genel Ba\u015fkan Vekilimiz Dr. Mustafa \u00c7\u00d6PO\u011eLU taraf\u0131ndan bilgilendirilen Etyemez\u2019e g\u00fcn\u00fcn an\u0131s\u0131na bir tablo hediye edildi.<\/span><\/p>\n<p><span style=\"font-family: Calibri;\"><a href=\"https:\/\/yerelsen.org.tr\/wp-content\/uploads\/2012\/06\/IMG_2829.jpg\"><img loading=\"lazy\" decoding=\"async\" class=\"aligncenter  wp-image-1998\" title=\"IMG_2829\" src=\"https:\/\/yerelsen.org.tr\/wp-content\/uploads\/2012\/06\/IMG_2829.jpg\" alt=\"\" width=\"616\" height=\"492\" \/><\/a><\/span><\/p>\n","protected":false},"excerpt":{"rendered":"K\u0131sa ad\u0131 MARKA olan Do\u011fu Marmara Kalk\u0131nma Ajans\u0131 ve \u0130\u015fkur taraf\u0131ndan organize edilen \u00a0DOM\u0130F 2012-Do\u011fu Marmara \u0130nsan Kaynaklar\u0131 ve \u0130stihdam [&hellip;]","protected":false},"author":3,"featured_media":1992,"comment_status":"closed","ping_status":"closed","sticky":false,"template":"","format":"standard","meta":{"footnotes":""},"categories":[1,24,25],"tags":[],"class_list":["post-1987","post","type-post","status-publish","format-standard","has-post-thumbnail","hentry","category-haberler","category-sozlesmeler","category-toplantilar"],"_links":{"self":[{"href":"https:\/\/yerelsen.org.tr\/index.php\/wp-json\/wp\/v2\/posts\/1987","targetHints":{"allow":["GET"]}}],"collection":[{"href":"https:\/\/yerelsen.org.tr\/index.php\/wp-json\/wp\/v2\/posts"}],"about":[{"href":"https:\/\/yerelsen.org.tr\/index.php\/wp-json\/wp\/v2\/types\/post"}],"author":[{"embeddable":true,"href":"https:\/\/yerelsen.org.tr\/index.php\/wp-json\/wp\/v2\/users\/3"}],"replies":[{"embeddable":true,"href":"https:\/\/yerelsen.org.tr\/index.php\/wp-json\/wp\/v2\/comments?post=1987"}],"version-history":[{"count":10,"href":"https:\/\/yerelsen.org.tr\/index.php\/wp-json\/wp\/v2\/posts\/1987\/revisions"}],"predecessor-version":[{"id":1990,"href":"https:\/\/yerelsen.org.tr\/index.php\/wp-json\/wp\/v2\/posts\/1987\/revisions\/1990"}],"wp:featuredmedia":[{"embeddable":true,"href":"https:\/\/yerelsen.org.tr\/index.php\/wp-json\/wp\/v2\/media\/1992"}],"wp:attachment":[{"href":"https:\/\/yerelsen.org.tr\/index.php\/wp-json\/wp\/v2\/media?parent=1987"}],"wp:term":[{"taxonomy":"category","embeddable":true,"href":"https:\/\/yerelsen.org.tr\/index.php\/wp-json\/wp\/v2\/categories?post=1987"},{"taxonomy":"post_tag","embeddable":true,"href":"https:\/\/yerelsen.org.tr\/index.php\/wp-json\/wp\/v2\/tags?post=1987"}],"curies":[{"name":"wp","href":"https:\/\/api.w.org\/{rel}","templated":true}]}}