{"id":2020,"date":"2012-06-28T09:34:50","date_gmt":"2012-06-28T07:34:50","guid":{"rendered":"https:\/\/yerelsen.org.tr\/?p=2020"},"modified":"2012-06-28T09:40:19","modified_gmt":"2012-06-28T07:40:19","slug":"arifiyede-anlasma-saglandi","status":"publish","type":"post","link":"https:\/\/yerelsen.org.tr\/index.php\/arifiyede-anlasma-saglandi\/","title":{"rendered":"Arifiye\u2019de Anla\u015fma Sa\u011fland\u0131\u2026"},"content":{"rendered":"<p><strong>\u00a0<\/strong><\/p>\n<p>Sakarya\u2019n\u0131n Arifiye \u0130l\u00e7e Belediyesinde \u00e7al\u0131\u015fan i\u015f\u00e7ileri kapsayan toplu i\u015f s\u00f6zle\u015fmesinde anla\u015fma sa\u011fland\u0131.<\/p>\n<p>Yerel Y\u00f6netimler Kamu \u0130\u015fverenleri Sendikas\u0131\u2019n\u0131n(YERELSEN) \u00fcyelerinden olan Arifiye Belediyesinde s\u00f6zle\u015fme g\u00f6r\u00fc\u015fmelerini i\u015fveren ad\u0131na takip eden Yerelsen, g\u00f6r\u00fc\u015fmeleri ba\u015far\u0131yla y\u00fcr\u00fctt\u00fc. \u0130\u015f\u00e7ileri temsilen g\u00f6r\u00fc\u015fmeleri takip eden Hizmet \u0130\u015f Sendikas\u0131 Sakarya \u015eubesinin y\u00f6neticileriyle yap\u0131lan g\u00f6r\u00fc\u015fmeler\u00a0 sonucunda anla\u015fma sa\u011fland\u0131 ve 2 y\u0131l y\u00fcr\u00fcrl\u00fckte olacak olan toplu i\u015f s\u00f6zle\u015fmesi imzaland\u0131.<\/p>\n<p><a href=\"https:\/\/yerelsen.org.tr\/wp-content\/uploads\/2012\/06\/IMG_0008.jpg\"><img loading=\"lazy\" decoding=\"async\" class=\"aligncenter  wp-image-2025\" title=\"IMG_0008\" src=\"https:\/\/yerelsen.org.tr\/wp-content\/uploads\/2012\/06\/IMG_0008.jpg\" alt=\"\" width=\"622\" height=\"418\" \/><\/a><\/p>\n<p>Arifiye Belediye Ba\u015fkan\u0131 \u0130smail Karakulluk\u00e7u\u2019nun makam\u0131nda yap\u0131lan son g\u00f6r\u00fc\u015fmede \u00fczerinde mutabakat sa\u011flanamayan t\u00fcm maddelerde anla\u015f\u0131ld\u0131. G\u00f6r\u00fc\u015fme sonunda bir a\u00e7\u0131klama yapan Ba\u015fkan Karakulluk\u00e7u; Yakla\u015f\u0131k 4 ayd\u0131r s\u00fcren yeni d\u00f6nem toplu i\u015f s\u00f6zle\u015fmesi g\u00f6r\u00fc\u015fmelerinde\u00a0 anla\u015fmaya vard\u0131klar\u0131n\u0131 ve hem idari maddelerde hem de \u00fccret maddelerinde taraflar\u0131n ortak menfaatine uygun d\u00fczenlemeler yapt\u0131klar\u0131n\u0131 s\u00f6yledi. \u00c7al\u0131\u015fanlar\u0131yla ast-\u00fcst ili\u015fkisi d\u0131\u015f\u0131nda a\u011fabey-karde\u015f hukuklar\u0131n\u0131n oldu\u011funu ve Arifiye halk\u0131na hep beraber hizmet ettiklerini s\u00f6yleyerek, bu y\u00fczden \u00e7al\u0131\u015fanlar\u0131n\u0131 enflasyona ezdirmediklerini ve ellerindeki imkan\u0131n en iyisini sunduklar\u0131n\u0131 belirtti.<\/p>\n<p>S\u00f6zle\u015fmenin taraflara hay\u0131rl\u0131 olmas\u0131n\u0131 dileyen Karakulluk\u00e7u, \u00f6zellikle verdikleri profesyonel sendikac\u0131l\u0131k hizmetinden dolay\u0131 YERELSEN\u2019e \u00e7ok te\u015fekk\u00fcr etti.<\/p>\n<p>Yerelsen ad\u0131na s\u00f6zle\u015fme ile ilgili g\u00f6r\u00fc\u015flerini a\u00e7\u0131klayan\u00a0 Yerelsen Genel Sekreteri M\u00fcmtaz UZUN; Her iki taraf\u0131nda memnun olaca\u011f\u0131 bir s\u00f6zle\u015fme yapt\u0131klar\u0131n\u0131 s\u00f6yleyerek yeni d\u00f6nem s\u00f6zle\u015fmesinin taraflara hay\u0131rl\u0131 olmas\u0131n\u0131 diledi.<\/p>\n<p><strong>Ortalama yevmiye 52,25 oldu\u2026<\/strong><\/p>\n<p>Yap\u0131lan art\u0131\u015flarla birlikte ortalama yevmiye 52,25 TL olurken, sosyal \u00f6demelere de %6 oran\u0131nda art\u0131\u015f sa\u011fland\u0131. \u0130kinci y\u0131lda ise yevmiyelere ve sosyal \u00f6demelere % 8 oran\u0131nda art\u0131\u015f yap\u0131lmas\u0131na karar verildi.<\/p>\n","protected":false},"excerpt":{"rendered":"\u00a0 Sakarya\u2019n\u0131n Arifiye \u0130l\u00e7e Belediyesinde \u00e7al\u0131\u015fan i\u015f\u00e7ileri kapsayan toplu i\u015f s\u00f6zle\u015fmesinde anla\u015fma sa\u011fland\u0131. Yerel Y\u00f6netimler Kamu \u0130\u015fverenleri Sendikas\u0131\u2019n\u0131n(YERELSEN) \u00fcyelerinden olan [&hellip;]","protected":false},"author":3,"featured_media":2021,"comment_status":"closed","ping_status":"closed","sticky":false,"template":"","format":"standard","meta":{"footnotes":""},"categories":[1,24,25],"tags":[],"class_list":["post-2020","post","type-post","status-publish","format-standard","has-post-thumbnail","hentry","category-haberler","category-sozlesmeler","category-toplantilar"],"_links":{"self":[{"href":"https:\/\/yerelsen.org.tr\/index.php\/wp-json\/wp\/v2\/posts\/2020","targetHints":{"allow":["GET"]}}],"collection":[{"href":"https:\/\/yerelsen.org.tr\/index.php\/wp-json\/wp\/v2\/posts"}],"about":[{"href":"https:\/\/yerelsen.org.tr\/index.php\/wp-json\/wp\/v2\/types\/post"}],"author":[{"embeddable":true,"href":"https:\/\/yerelsen.org.tr\/index.php\/wp-json\/wp\/v2\/users\/3"}],"replies":[{"embeddable":true,"href":"https:\/\/yerelsen.org.tr\/index.php\/wp-json\/wp\/v2\/comments?post=2020"}],"version-history":[{"count":6,"href":"https:\/\/yerelsen.org.tr\/index.php\/wp-json\/wp\/v2\/posts\/2020\/revisions"}],"predecessor-version":[{"id":2024,"href":"https:\/\/yerelsen.org.tr\/index.php\/wp-json\/wp\/v2\/posts\/2020\/revisions\/2024"}],"wp:featuredmedia":[{"embeddable":true,"href":"https:\/\/yerelsen.org.tr\/index.php\/wp-json\/wp\/v2\/media\/2021"}],"wp:attachment":[{"href":"https:\/\/yerelsen.org.tr\/index.php\/wp-json\/wp\/v2\/media?parent=2020"}],"wp:term":[{"taxonomy":"category","embeddable":true,"href":"https:\/\/yerelsen.org.tr\/index.php\/wp-json\/wp\/v2\/categories?post=2020"},{"taxonomy":"post_tag","embeddable":true,"href":"https:\/\/yerelsen.org.tr\/index.php\/wp-json\/wp\/v2\/tags?post=2020"}],"curies":[{"name":"wp","href":"https:\/\/api.w.org\/{rel}","templated":true}]}}