{"id":2596,"date":"2013-02-15T09:42:24","date_gmt":"2013-02-15T07:42:24","guid":{"rendered":"https:\/\/yerelsen.org.tr\/?p=2596"},"modified":"2013-02-15T22:46:25","modified_gmt":"2013-02-15T20:46:25","slug":"izmit-belediyesinde-gorusmeler-basladi-2","status":"publish","type":"post","link":"https:\/\/yerelsen.org.tr\/index.php\/izmit-belediyesinde-gorusmeler-basladi-2\/","title":{"rendered":"\u0130ZM\u0130T BELED\u0130YES\u0130\u2019NDE G\u00d6R\u00dc\u015eMELER BA\u015eLADI"},"content":{"rendered":"<p>\u0130zmit Belediyesi\u2019ndeki 760 i\u015f\u00e7iyi ilgilendiren toplu i\u015f s\u00f6zle\u015fmesi g\u00f6r\u00fc\u015fmeleri 14 \u015eubat 2013 tarihinde yap\u0131lan ilk oturumla ba\u015flad\u0131. \u0130zmit Belediyesi Ba\u015fkanl\u0131k binas\u0131nda yap\u0131lan toplant\u0131ya \u0130zmit Belediyesi\u2019ni temsilen \u0130zmit Belediyesi Ba\u015fkan Yard\u0131mc\u0131s\u0131 H\u00fcseyin \u00dcz\u00fclmez ile \u0130nsan Kaynaklar\u0131 ve E\u011fitim M\u00fcd\u00fcr\u00fc Nedim Uluta\u015f\u2019\u0131n haz\u0131r bulundu\u011fu toplant\u0131da, i\u015fveren temsilcisi olarak Yerelsen\u2019i Genel Sekreterimiz M\u00fcmtaz Uzun ve sendika uzmanlar\u0131ndan Yavuz Alt\u0131n\u0131\u015f\u0131k temsil etti. \u0130zmit Belediyesi\u2019nde \u00f6rg\u00fctl\u00fc bulunan Genel \u0130\u015f Sendikas\u0131 taraf\u0131nda ise Genel \u0130\u015f Kocaeli \u015eube Ba\u015fkan\u0131 Vedat K\u00fc\u00e7\u00fck ile Genel \u0130\u015f \u015eube Sekreteri Kenan Ay\u2019\u0131n yan\u0131 s\u0131ra sendika y\u00f6netim kurulu \u00fcyeleri ve i\u015fyeri temsilcileri yer ald\u0131. Sendikam\u0131z ile Genel \u0130\u015f Sendikas\u0131 aras\u0131nda yap\u0131lan ilk oturumun a\u00e7\u0131l\u0131\u015f konu\u015fmas\u0131n\u0131 yapan \u0130zmit Belediyesi Ba\u015fkan Yard\u0131mc\u0131s\u0131 H\u00fcseyin \u00dcz\u00fclmez; \u0130zmit Belediyesi olarak tarihin en iyi d\u00f6nemini ya\u015fad\u0131klar\u0131n\u0131 s\u00f6yleyerek s\u00fcre\u00e7 hakk\u0131nda bilgi verdi. Belediye olarak i\u015f\u00e7inin al\u0131n terinin kurumadan verilmesi noktas\u0131nda hassas davrand\u0131klar\u0131n\u0131 ifade \u00dcz\u00fclmez, bir \u00f6nceki s\u00f6zle\u015fmelerde oldu\u011fu gibi hem i\u015f\u00e7iler hem de belediye a\u00e7\u0131s\u0131ndan hay\u0131rl\u0131 bir sonu\u00e7 al\u0131naca\u011f\u0131n\u0131n temennisinde bulundu. Yap\u0131lacak s\u00f6zle\u015fme sonucunda her iki taraf\u0131n da kazanmas\u0131n\u0131 diledi.<\/p>\n<p>Genel \u0130\u015f Kocaeli \u015eube ba\u015fkan\u0131 Vedat K\u00fc\u00e7\u00fck ise \u0130zmit Belediyesi ile belediye \u00e7al\u0131\u015fanlar\u0131 aras\u0131na d\u00f6rt y\u0131ld\u0131r s\u00f6zle\u015fme yap\u0131ld\u0131\u011f\u0131n\u0131 ve yap\u0131lan s\u00f6zle\u015fmelerde hem sosyal hem de \u00fccret anlam\u0131nda hi\u00e7bir s\u0131k\u0131nt\u0131 ya\u015famadan bug\u00fcnlere geldiklerini s\u00f6yledi. \u0130\u015f\u00e7inin al\u0131n terinin kurumadan \u00f6denmesinin hem i\u015f\u00e7i hem de i\u015fveren ad\u0131na \u00f6nemli bir unsur oldu\u011funa dikkat \u00e7eken K\u00fc\u00e7\u00fck, \u0130zmit Belediyesi\u2019nin Kocaeli B\u00fcy\u00fck\u015fehir Belediyesi\u2019nden sonra en b\u00fcy\u00fck belediye oldu\u011funu ifade ederek yap\u0131lacak g\u00f6r\u00fc\u015fmelerin \u0130zmit halk\u0131na \u00f6rnek bir s\u00f6zle\u015fme olarak sonu\u00e7lanmas\u0131 umudunda olduklar\u0131n\u0131 s\u00f6yledi. G\u00f6r\u00fc\u015fmelerin t\u00fcm i\u015f\u00e7ilere ve \u0130zmit Belediyesi\u2019ne \u015fimdiden hay\u0131rl\u0131 olmas\u0131n\u0131 diledi.<\/p>\n<p>Toplant\u0131da, Yerelsen olarak Saraybah\u00e7e Belediyesi\u2019nden beri Genel \u0130\u015f Sendikas\u0131 ile s\u00f6zle\u015fme yap\u0131ld\u0131\u011f\u0131na dikkat \u00e7eken Genel Sekreterimiz M\u00fcmtaz Uzun, belediyemiz ile i\u015f\u00e7i sendikas\u0131 aras\u0131nda yap\u0131lan g\u00f6r\u00fc\u015fmelerde \u015fimdiye kadar gerek sosyal gerekse \u00fccret anlam\u0131nda herhangi bir s\u0131k\u0131nt\u0131 ya\u015fanmad\u0131\u011f\u0131n\u0131 dile getirdi. Uzun, ge\u00e7mi\u015fte ya\u015fanan bu olumlu havan\u0131n s\u00f6zle\u015fme s\u00fcrecine \u00f6nemli katk\u0131lar sunaca\u011f\u0131 s\u00f6yledi.<\/p>\n<p>A\u00e7\u0131l\u0131\u015f konu\u015fmalar\u0131n\u0131n ard\u0131ndan s\u00f6zle\u015fme g\u00f6r\u00fc\u015fmelerine ge\u00e7ilerek i\u015f\u00e7i sendikas\u0131n\u0131n yapm\u0131\u015f oldu\u011fu teklif tasla\u011f\u0131ndaki maddelerden 6\u2019s\u0131 kabul edilerek ge\u00e7ildi. Ge\u00e7ilen maddeler tutanak alt\u0131na al\u0131nd\u0131ktan sonra m\u00fcteakip toplant\u0131n\u0131n g\u00fcn\u00fc ve yeri belirlenerek g\u00f6r\u00fc\u015fmelere son verildi.<\/p>\n","protected":false},"excerpt":{"rendered":"\u0130zmit Belediyesi\u2019ndeki 760 i\u015f\u00e7iyi ilgilendiren toplu i\u015f s\u00f6zle\u015fmesi g\u00f6r\u00fc\u015fmeleri 14 \u015eubat 2013 tarihinde yap\u0131lan ilk oturumla ba\u015flad\u0131. \u0130zmit Belediyesi Ba\u015fkanl\u0131k [&hellip;]","protected":false},"author":3,"featured_media":2602,"comment_status":"closed","ping_status":"closed","sticky":false,"template":"","format":"standard","meta":{"footnotes":""},"categories":[1,24,25],"tags":[],"class_list":["post-2596","post","type-post","status-publish","format-standard","has-post-thumbnail","hentry","category-haberler","category-sozlesmeler","category-toplantilar"],"_links":{"self":[{"href":"https:\/\/yerelsen.org.tr\/index.php\/wp-json\/wp\/v2\/posts\/2596","targetHints":{"allow":["GET"]}}],"collection":[{"href":"https:\/\/yerelsen.org.tr\/index.php\/wp-json\/wp\/v2\/posts"}],"about":[{"href":"https:\/\/yerelsen.org.tr\/index.php\/wp-json\/wp\/v2\/types\/post"}],"author":[{"embeddable":true,"href":"https:\/\/yerelsen.org.tr\/index.php\/wp-json\/wp\/v2\/users\/3"}],"replies":[{"embeddable":true,"href":"https:\/\/yerelsen.org.tr\/index.php\/wp-json\/wp\/v2\/comments?post=2596"}],"version-history":[{"count":5,"href":"https:\/\/yerelsen.org.tr\/index.php\/wp-json\/wp\/v2\/posts\/2596\/revisions"}],"predecessor-version":[{"id":2601,"href":"https:\/\/yerelsen.org.tr\/index.php\/wp-json\/wp\/v2\/posts\/2596\/revisions\/2601"}],"wp:featuredmedia":[{"embeddable":true,"href":"https:\/\/yerelsen.org.tr\/index.php\/wp-json\/wp\/v2\/media\/2602"}],"wp:attachment":[{"href":"https:\/\/yerelsen.org.tr\/index.php\/wp-json\/wp\/v2\/media?parent=2596"}],"wp:term":[{"taxonomy":"category","embeddable":true,"href":"https:\/\/yerelsen.org.tr\/index.php\/wp-json\/wp\/v2\/categories?post=2596"},{"taxonomy":"post_tag","embeddable":true,"href":"https:\/\/yerelsen.org.tr\/index.php\/wp-json\/wp\/v2\/tags?post=2596"}],"curies":[{"name":"wp","href":"https:\/\/api.w.org\/{rel}","templated":true}]}}