{"id":2668,"date":"2013-03-05T08:50:46","date_gmt":"2013-03-05T06:50:46","guid":{"rendered":"https:\/\/yerelsen.org.tr\/?p=2668"},"modified":"2013-03-05T08:50:47","modified_gmt":"2013-03-05T06:50:47","slug":"kaynarca-belediyesinde-ilk-oturum-yapildi","status":"publish","type":"post","link":"https:\/\/yerelsen.org.tr\/index.php\/kaynarca-belediyesinde-ilk-oturum-yapildi\/","title":{"rendered":"KAYNARCA BELED\u0130YES\u0130\u2019NDE \u0130LK OTURUM YAPILDI"},"content":{"rendered":"<p>Sendikam\u0131z \u00fcyelerinden Kaynarca Belediyesi\u2019nde toplu i\u015f s\u00f6zle\u015fmesi g\u00f6r\u00fc\u015fmeleri 04 Mart 2013 tarihinde yap\u0131lan ilk oturum ile ba\u015flad\u0131. Kaynarca Belediye Ba\u015fkanl\u0131\u011f\u0131 Meclis Salonu\u2019nda ger\u00e7ekle\u015fen g\u00f6r\u00fc\u015fmelere Kaynarca Belediyesi\u2019ni temsilen Kaynarca Belediyesi Yaz\u0131 \u0130\u015fleri M\u00fcd\u00fcr Vekili Mustafa Do\u011fan\u2019\u0131n yan\u0131 s\u0131ra i\u015fveren temsilcisi olarak Yerelsen Genel Sekreteri M\u00fcmtaz Uzun kat\u0131ld\u0131. Belediye \u00e7al\u0131\u015fanlar\u0131n\u0131 ise Belediye \u0130\u015f Sendikas\u0131 Kocaeli \u015eube Ba\u015fkan\u0131 Osman \u015ear ile \u0130brahim Varol ve Erg\u00fcn Tanr\u0131ver temsil etti.<\/p>\n<p><a href=\"https:\/\/yerelsen.org.tr\/index.php\/kaynarca-belediyesinde-ilk-oturum-yapildi\/img_8390-3\/\" rel=\"attachment wp-att-2673\"><img loading=\"lazy\" decoding=\"async\" class=\"aligncenter size-medium wp-image-2673\" title=\"IMG_8390\" src=\"https:\/\/yerelsen.org.tr\/wp-content\/uploads\/2013\/03\/IMG_83902-620x413.jpg\" alt=\"\" width=\"620\" height=\"413\" srcset=\"https:\/\/yerelsen.org.tr\/wp-content\/uploads\/2013\/03\/IMG_83902-620x413.jpg 620w, https:\/\/yerelsen.org.tr\/wp-content\/uploads\/2013\/03\/IMG_83902-850x566.jpg 850w\" sizes=\"auto, (max-width: 620px) 100vw, 620px\" \/><\/a><\/p>\n<p>Kar\u015f\u0131l\u0131kl\u0131 iyi niyet temennileriyle ba\u015flayan g\u00f6r\u00fc\u015fme sonunda Belediye \u0130\u015f Sendikas\u0131 taraf\u0131ndan verilen teklif tasla\u011f\u0131ndaki sosyal ve idari konular\u0131n tamam\u0131na yak\u0131n\u0131 kabul edilirken \u00fccrete dair maddelerin g\u00f6r\u00fc\u015f\u00fclmesi ise bir sonraki toplant\u0131ya b\u0131rak\u0131ld\u0131.<\/p>\n","protected":false},"excerpt":{"rendered":"Sendikam\u0131z \u00fcyelerinden Kaynarca Belediyesi\u2019nde toplu i\u015f s\u00f6zle\u015fmesi g\u00f6r\u00fc\u015fmeleri 04 Mart 2013 tarihinde yap\u0131lan ilk oturum ile ba\u015flad\u0131. Kaynarca Belediye Ba\u015fkanl\u0131\u011f\u0131 [&hellip;]","protected":false},"author":3,"featured_media":2670,"comment_status":"closed","ping_status":"closed","sticky":false,"template":"","format":"standard","meta":{"footnotes":""},"categories":[1,24,25],"tags":[],"class_list":["post-2668","post","type-post","status-publish","format-standard","has-post-thumbnail","hentry","category-haberler","category-sozlesmeler","category-toplantilar"],"_links":{"self":[{"href":"https:\/\/yerelsen.org.tr\/index.php\/wp-json\/wp\/v2\/posts\/2668","targetHints":{"allow":["GET"]}}],"collection":[{"href":"https:\/\/yerelsen.org.tr\/index.php\/wp-json\/wp\/v2\/posts"}],"about":[{"href":"https:\/\/yerelsen.org.tr\/index.php\/wp-json\/wp\/v2\/types\/post"}],"author":[{"embeddable":true,"href":"https:\/\/yerelsen.org.tr\/index.php\/wp-json\/wp\/v2\/users\/3"}],"replies":[{"embeddable":true,"href":"https:\/\/yerelsen.org.tr\/index.php\/wp-json\/wp\/v2\/comments?post=2668"}],"version-history":[{"count":4,"href":"https:\/\/yerelsen.org.tr\/index.php\/wp-json\/wp\/v2\/posts\/2668\/revisions"}],"predecessor-version":[{"id":2677,"href":"https:\/\/yerelsen.org.tr\/index.php\/wp-json\/wp\/v2\/posts\/2668\/revisions\/2677"}],"wp:featuredmedia":[{"embeddable":true,"href":"https:\/\/yerelsen.org.tr\/index.php\/wp-json\/wp\/v2\/media\/2670"}],"wp:attachment":[{"href":"https:\/\/yerelsen.org.tr\/index.php\/wp-json\/wp\/v2\/media?parent=2668"}],"wp:term":[{"taxonomy":"category","embeddable":true,"href":"https:\/\/yerelsen.org.tr\/index.php\/wp-json\/wp\/v2\/categories?post=2668"},{"taxonomy":"post_tag","embeddable":true,"href":"https:\/\/yerelsen.org.tr\/index.php\/wp-json\/wp\/v2\/tags?post=2668"}],"curies":[{"name":"wp","href":"https:\/\/api.w.org\/{rel}","templated":true}]}}