{"id":2678,"date":"2013-03-05T09:12:06","date_gmt":"2013-03-05T07:12:06","guid":{"rendered":"https:\/\/yerelsen.org.tr\/?p=2678"},"modified":"2013-03-05T09:12:06","modified_gmt":"2013-03-05T07:12:06","slug":"ferizli-belediyesinde-gorusmeler-basladi","status":"publish","type":"post","link":"https:\/\/yerelsen.org.tr\/index.php\/ferizli-belediyesinde-gorusmeler-basladi\/","title":{"rendered":"FER\u0130ZL\u0130 BELED\u0130YES\u0130\u2019NDE G\u00d6R\u00dc\u015eMELER BA\u015eLADI"},"content":{"rendered":"<p>Sendikam\u0131z \u00fcyelerinden Sakarya\u2019ya ba\u011fl\u0131 Ferizli Belediyesi\u2019nde toplu i\u015f s\u00f6zle\u015fmesi g\u00f6r\u00fc\u015fmelerinde ilk oturum heyecan\u0131 ya\u015fand\u0131. 04 Mart 2013 tarihinde yap\u0131lan ilk m\u00fczakere Ferizli Belediye Ba\u015fkanl\u0131\u011f\u0131 Meclis Salonu\u2019nda ger\u00e7ekle\u015ftirildi.\u00a0 G\u00f6r\u00fc\u015fmelere Ferizli Belediyesi\u2019ni temsilen Yerelsen Genel Sekreteri M\u00fcmtaz Uzun ve sendikam\u0131z uzmanlar\u0131ndan Yavuz Alt\u0131n\u0131\u015f\u0131k kat\u0131ld\u0131.<\/p>\n<p>Belediye \u0130\u015f ve sendikam\u0131z aras\u0131nda yap\u0131lan ba\u015flang\u0131\u00e7 m\u00fczakeresi sonucunda Belediye \u0130\u015f Sendikas\u0131 taraf\u0131ndan verilen teklif tasla\u011f\u0131ndaki sosyal ve idari maddelerin tamam\u0131na yak\u0131n\u0131 ge\u00e7ti. Toplant\u0131 sonras\u0131nda Ferizli Belediye Ba\u015fkan\u0131 Ahmet So\u011fuk toplant\u0131 salonunu ziyaret ederek g\u00f6r\u00fc\u015fmeler hakk\u0131nda bilgi ald\u0131. \u00a0Ba\u015fkan So\u011fuk, yap\u0131lacak s\u00f6zle\u015fmenin her iki tarafa da hay\u0131rl\u0131 sonu\u00e7lar getirmesi temennisinde bulundu.<\/p>\n","protected":false},"excerpt":{"rendered":"Sendikam\u0131z \u00fcyelerinden Sakarya\u2019ya ba\u011fl\u0131 Ferizli Belediyesi\u2019nde toplu i\u015f s\u00f6zle\u015fmesi g\u00f6r\u00fc\u015fmelerinde ilk oturum heyecan\u0131 ya\u015fand\u0131. 04 Mart 2013 tarihinde yap\u0131lan ilk [&hellip;]","protected":false},"author":3,"featured_media":2679,"comment_status":"closed","ping_status":"closed","sticky":false,"template":"","format":"standard","meta":{"footnotes":""},"categories":[1,24,25],"tags":[],"class_list":["post-2678","post","type-post","status-publish","format-standard","has-post-thumbnail","hentry","category-haberler","category-sozlesmeler","category-toplantilar"],"_links":{"self":[{"href":"https:\/\/yerelsen.org.tr\/index.php\/wp-json\/wp\/v2\/posts\/2678","targetHints":{"allow":["GET"]}}],"collection":[{"href":"https:\/\/yerelsen.org.tr\/index.php\/wp-json\/wp\/v2\/posts"}],"about":[{"href":"https:\/\/yerelsen.org.tr\/index.php\/wp-json\/wp\/v2\/types\/post"}],"author":[{"embeddable":true,"href":"https:\/\/yerelsen.org.tr\/index.php\/wp-json\/wp\/v2\/users\/3"}],"replies":[{"embeddable":true,"href":"https:\/\/yerelsen.org.tr\/index.php\/wp-json\/wp\/v2\/comments?post=2678"}],"version-history":[{"count":3,"href":"https:\/\/yerelsen.org.tr\/index.php\/wp-json\/wp\/v2\/posts\/2678\/revisions"}],"predecessor-version":[{"id":2682,"href":"https:\/\/yerelsen.org.tr\/index.php\/wp-json\/wp\/v2\/posts\/2678\/revisions\/2682"}],"wp:featuredmedia":[{"embeddable":true,"href":"https:\/\/yerelsen.org.tr\/index.php\/wp-json\/wp\/v2\/media\/2679"}],"wp:attachment":[{"href":"https:\/\/yerelsen.org.tr\/index.php\/wp-json\/wp\/v2\/media?parent=2678"}],"wp:term":[{"taxonomy":"category","embeddable":true,"href":"https:\/\/yerelsen.org.tr\/index.php\/wp-json\/wp\/v2\/categories?post=2678"},{"taxonomy":"post_tag","embeddable":true,"href":"https:\/\/yerelsen.org.tr\/index.php\/wp-json\/wp\/v2\/tags?post=2678"}],"curies":[{"name":"wp","href":"https:\/\/api.w.org\/{rel}","templated":true}]}}