{"id":2683,"date":"2013-03-07T10:21:52","date_gmt":"2013-03-07T08:21:52","guid":{"rendered":"https:\/\/yerelsen.org.tr\/?p=2683"},"modified":"2013-03-11T08:52:14","modified_gmt":"2013-03-11T06:52:14","slug":"bozuyuk-belediyesinde-ilk-oturum-heyecani","status":"publish","type":"post","link":"https:\/\/yerelsen.org.tr\/index.php\/bozuyuk-belediyesinde-ilk-oturum-heyecani\/","title":{"rendered":"BOZ\u00dcY\u00dcK BELED\u0130YES\u0130&#8217;NDE \u0130LK OTURUM HEYECANI"},"content":{"rendered":"<p>Sendikam\u0131z\u0131n yeni \u00fcyelerinden Boz\u00fcy\u00fck Belediyesi\u2019nde toplu i\u015f s\u00f6zle\u015fmesinin ilk oturumu yap\u0131ld\u0131. 06 Mart 2013 tarihinde ba\u015flayan g\u00f6r\u00fc\u015fmelere Boz\u00fcy\u00fck Belediyesi\u2019ni temsilen Yerelsen Genel Sekreteri M\u00fcmtaz Uzun, sendikam\u0131z uzmanlar\u0131ndan Mete Bilgin ve Yavuz Alt\u0131n\u0131\u015f\u0131k kat\u0131ld\u0131. Sendikam\u0131z ile Boz\u00fcy\u00fck Belediyesi\u2019nde \u00f6rg\u00fctl\u00fc olan Belediye \u0130\u015f Sendikas\u0131 aras\u0131nda yap\u0131lan toplu i\u015f s\u00f6zle\u015fmesi g\u00f6r\u00fc\u015fmesinde Boz\u00fcy\u00fck Belediye Ba\u015fkan Yard\u0131mc\u0131s\u0131 Mustafa Y\u00fcr\u00fckc\u00fc de haz\u0131r bulundu.<\/p>\n<p><a href=\"https:\/\/yerelsen.org.tr\/index.php\/bozuyuk-belediyesinde-ilk-oturum-heyecani\/img_8456\/\" rel=\"attachment wp-att-2685\"><img loading=\"lazy\" decoding=\"async\" class=\"aligncenter size-medium wp-image-2685\" title=\"IMG_8456\" src=\"https:\/\/yerelsen.org.tr\/wp-content\/uploads\/2013\/03\/IMG_8456-620x413.jpg\" alt=\"\" width=\"620\" height=\"413\" srcset=\"https:\/\/yerelsen.org.tr\/wp-content\/uploads\/2013\/03\/IMG_8456-620x413.jpg 620w, https:\/\/yerelsen.org.tr\/wp-content\/uploads\/2013\/03\/IMG_8456-850x566.jpg 850w\" sizes=\"auto, (max-width: 620px) 100vw, 620px\" \/><\/a><\/p>\n<p>Toplant\u0131 a\u00e7\u0131l\u0131\u015f konu\u015fmas\u0131nda i\u015f\u00e7ilerle yap\u0131lacak toplu i\u015f s\u00f6zle\u015fmesinde her iki taraf\u0131n da \u00e7\u0131karlar\u0131n\u0131n g\u00f6zetilmesi gerekti\u011fine vurgu yapan Y\u00f6r\u00fckc\u00fc, bir tarafta i\u015f\u00e7ilerin di\u011fer tarafta kamunun haklar\u0131 oldu\u011funa dikkat \u00e7ekerek yap\u0131lacak s\u00f6zle\u015fmenin her iki taraf\u0131n da hayr\u0131na dokunmas\u0131 gerekti\u011fini ifade etti. \u00a0Belediye \u0130\u015f Sendikas\u0131 Eski\u015fehir \u015eube Ba\u015fkan\u0131 Bilal Temen ise i\u015f\u00e7i sendikas\u0131 olmalar\u0131na ra\u011fmen hi\u00e7bir s\u00f6zle\u015fmede kendilerini kar\u015f\u0131 taraf olarak g\u00f6rmediklerini dile getirerek \u201cBiz kendimizi belediyenin bir par\u00e7as\u0131 olarak g\u00f6r\u00fcyoruz, dolay\u0131s\u0131yla al\u0131nacak kararlarda her iki taraf\u0131n da memnuniyetini talep ediyoruz.\u201d dedi.\u00a0<a href=\"https:\/\/yerelsen.org.tr\/index.php\/bozuyuk-belediyesinde-ilk-oturum-heyecani\/img_8451\/\" rel=\"attachment wp-att-2686\"><img loading=\"lazy\" decoding=\"async\" class=\"aligncenter size-medium wp-image-2686\" title=\"IMG_8451\" src=\"https:\/\/yerelsen.org.tr\/wp-content\/uploads\/2013\/03\/IMG_8451-620x413.jpg\" alt=\"\" width=\"620\" height=\"413\" srcset=\"https:\/\/yerelsen.org.tr\/wp-content\/uploads\/2013\/03\/IMG_8451-620x413.jpg 620w, https:\/\/yerelsen.org.tr\/wp-content\/uploads\/2013\/03\/IMG_8451-850x566.jpg 850w\" sizes=\"auto, (max-width: 620px) 100vw, 620px\" \/><\/a><\/p>\n<p>Yap\u0131lan g\u00f6r\u00fc\u015fmeler sonucunda i\u015f\u00e7i sendikas\u0131 teklif tasla\u011f\u0131ndaki maddelerin bir\u00e7o\u011funda yeniden d\u00fczenlenerek kabul edilmesi yoluna gidildi. Sosyal ve idari konular\u0131 i\u00e7eren maddelerin tamam\u0131na yak\u0131n\u0131n\u0131n kabul edildi\u011fi toplant\u0131da \u00fccrete y\u00f6nelik maddelerden on bir maddenin ertelenmesine karar verildi. Kar\u015f\u0131l\u0131kl\u0131 nezaket \u00e7er\u00e7evesinde ilerleyen g\u00f6r\u00fc\u015fme bir sonraki toplant\u0131n\u0131n 22 Mart 2013 tarihinde yap\u0131lmas\u0131na karar verilerek son buldu.<a href=\"https:\/\/yerelsen.org.tr\/index.php\/bozuyuk-belediyesinde-ilk-oturum-heyecani\/img_8450\/\" rel=\"attachment wp-att-2695\"><img loading=\"lazy\" decoding=\"async\" class=\"aligncenter size-medium wp-image-2695\" title=\"IMG_8450\" src=\"https:\/\/yerelsen.org.tr\/wp-content\/uploads\/2013\/03\/IMG_8450-620x413.jpg\" alt=\"\" width=\"620\" height=\"413\" srcset=\"https:\/\/yerelsen.org.tr\/wp-content\/uploads\/2013\/03\/IMG_8450-620x413.jpg 620w, https:\/\/yerelsen.org.tr\/wp-content\/uploads\/2013\/03\/IMG_8450-850x566.jpg 850w\" sizes=\"auto, (max-width: 620px) 100vw, 620px\" \/><\/a><\/p>\n<p>&nbsp;<\/p>\n","protected":false},"excerpt":{"rendered":"Sendikam\u0131z\u0131n yeni \u00fcyelerinden Boz\u00fcy\u00fck Belediyesi\u2019nde toplu i\u015f s\u00f6zle\u015fmesinin ilk oturumu yap\u0131ld\u0131. 06 Mart 2013 tarihinde ba\u015flayan g\u00f6r\u00fc\u015fmelere Boz\u00fcy\u00fck Belediyesi\u2019ni temsilen [&hellip;]","protected":false},"author":3,"featured_media":2684,"comment_status":"closed","ping_status":"closed","sticky":false,"template":"","format":"standard","meta":{"footnotes":""},"categories":[1,24,25],"tags":[],"class_list":["post-2683","post","type-post","status-publish","format-standard","has-post-thumbnail","hentry","category-haberler","category-sozlesmeler","category-toplantilar"],"_links":{"self":[{"href":"https:\/\/yerelsen.org.tr\/index.php\/wp-json\/wp\/v2\/posts\/2683","targetHints":{"allow":["GET"]}}],"collection":[{"href":"https:\/\/yerelsen.org.tr\/index.php\/wp-json\/wp\/v2\/posts"}],"about":[{"href":"https:\/\/yerelsen.org.tr\/index.php\/wp-json\/wp\/v2\/types\/post"}],"author":[{"embeddable":true,"href":"https:\/\/yerelsen.org.tr\/index.php\/wp-json\/wp\/v2\/users\/3"}],"replies":[{"embeddable":true,"href":"https:\/\/yerelsen.org.tr\/index.php\/wp-json\/wp\/v2\/comments?post=2683"}],"version-history":[{"count":12,"href":"https:\/\/yerelsen.org.tr\/index.php\/wp-json\/wp\/v2\/posts\/2683\/revisions"}],"predecessor-version":[{"id":2694,"href":"https:\/\/yerelsen.org.tr\/index.php\/wp-json\/wp\/v2\/posts\/2683\/revisions\/2694"}],"wp:featuredmedia":[{"embeddable":true,"href":"https:\/\/yerelsen.org.tr\/index.php\/wp-json\/wp\/v2\/media\/2684"}],"wp:attachment":[{"href":"https:\/\/yerelsen.org.tr\/index.php\/wp-json\/wp\/v2\/media?parent=2683"}],"wp:term":[{"taxonomy":"category","embeddable":true,"href":"https:\/\/yerelsen.org.tr\/index.php\/wp-json\/wp\/v2\/categories?post=2683"},{"taxonomy":"post_tag","embeddable":true,"href":"https:\/\/yerelsen.org.tr\/index.php\/wp-json\/wp\/v2\/tags?post=2683"}],"curies":[{"name":"wp","href":"https:\/\/api.w.org\/{rel}","templated":true}]}}