{"id":2712,"date":"2013-03-11T12:17:29","date_gmt":"2013-03-11T10:17:29","guid":{"rendered":"https:\/\/yerelsen.org.tr\/?p=2712"},"modified":"2013-03-11T12:17:57","modified_gmt":"2013-03-11T10:17:57","slug":"mut-belediyesinde-imzalar-atildi","status":"publish","type":"post","link":"https:\/\/yerelsen.org.tr\/index.php\/mut-belediyesinde-imzalar-atildi\/","title":{"rendered":"MUT BELED\u0130YES\u0130\u2019NDE \u0130MZALAR ATILDI"},"content":{"rendered":"<p>Sendikam\u0131z \u00fcyelerinden Mersin\u2019e ba\u011fl\u0131 Mut Belediyesi\u2019nde, i\u015fveren ad\u0131na g\u00f6r\u00fc\u015fmelere kat\u0131lan sendikam\u0131z ile Hizmet-\u0130\u015f sendikas\u0131 aras\u0131nda yap\u0131lan toplu i\u015f s\u00f6zle\u015fmesi ba\u015far\u0131 ile sonu\u00e7land\u0131r\u0131ld\u0131. Mut Belediyesi\u2019nde \u00e7al\u0131\u015fan 53 i\u015f\u00e7iyi ilgilendiren s\u00f6zle\u015fmenin ilk oturumu 30 Ocak 2013 tarihinde yap\u0131lm\u0131\u015ft\u0131. \u0130\u015fveren ad\u0131na s\u00f6zle\u015fmeye kat\u0131lan sendikam\u0131z ile i\u015f\u00e7i temsilcisi Hizmet-\u0130\u015f sendikas\u0131 aras\u0131nda ger\u00e7ekle\u015fen s\u00f6zle\u015fme 05 \u015eubat 2013 tarihinde yap\u0131lan ikinci oturum sonras\u0131nda karara ba\u011fland\u0131.\u00a0<a href=\"https:\/\/yerelsen.org.tr\/index.php\/mut-belediyesinde-imzalar-atildi\/dsc_2559-1\/\" rel=\"attachment wp-att-2714\"><img loading=\"lazy\" decoding=\"async\" class=\"aligncenter size-medium wp-image-2714\" title=\"DSC_2559 (1)\" src=\"https:\/\/yerelsen.org.tr\/wp-content\/uploads\/2013\/03\/DSC_2559-1-620x410.jpg\" alt=\"\" width=\"620\" height=\"410\" srcset=\"https:\/\/yerelsen.org.tr\/wp-content\/uploads\/2013\/03\/DSC_2559-1-620x410.jpg 620w, https:\/\/yerelsen.org.tr\/wp-content\/uploads\/2013\/03\/DSC_2559-1-850x562.jpg 850w\" sizes=\"auto, (max-width: 620px) 100vw, 620px\" \/><\/a><\/p>\n<p>Yap\u0131lan imza t\u00f6renine Mut Belediye Ba\u015fkan\u0131 Murat Orhan, Yaz\u0131 \u0130\u015fleri M\u00fcd\u00fcr\u00fc A. Cengiz Ar\u0131 ve Mali Hizmetler M\u00fcd\u00fcr\u00fc Aziz \u0130nan\u0131c\u0131 kat\u0131ld\u0131. Sendikam\u0131z Genel Sekreter Yard\u0131mc\u0131s\u0131 Yahya Bilgin ve sendika uzman\u0131m\u0131z Hasan Tenlik\u2019in de haz\u0131r bulundu\u011fu t\u00f6rene Mut Belediyesi\u2019nde \u00f6rg\u00fctl\u00fc bulunan Hizmet-\u0130\u015f Sendikas\u0131\u2019ndan, Hizmet-\u0130\u015f Karaman \u015eube Ba\u015fkan\u0131 Mehmet Bayrak\u00e7\u0131 ve sendika i\u015fyeri temsilcileri i\u015ftirak etti. Mut Belediyesi ile belediye \u00e7al\u0131\u015fanlar\u0131 aras\u0131nda yap\u0131lan 1 y\u0131ll\u0131k toplu i\u015f s\u00f6zle\u015fmesi imza t\u00f6reni sonras\u0131nda Ba\u015fkan Murat Orhan s\u00f6zle\u015fmenin her iki tarafa da hay\u0131rl\u0131 olmas\u0131 temennisinde bulundu.<\/p>\n","protected":false},"excerpt":{"rendered":"Sendikam\u0131z \u00fcyelerinden Mersin\u2019e ba\u011fl\u0131 Mut Belediyesi\u2019nde, i\u015fveren ad\u0131na g\u00f6r\u00fc\u015fmelere kat\u0131lan sendikam\u0131z ile Hizmet-\u0130\u015f sendikas\u0131 aras\u0131nda yap\u0131lan toplu i\u015f s\u00f6zle\u015fmesi ba\u015far\u0131 [&hellip;]","protected":false},"author":3,"featured_media":2713,"comment_status":"closed","ping_status":"closed","sticky":false,"template":"","format":"standard","meta":{"footnotes":""},"categories":[1,24,25],"tags":[],"class_list":["post-2712","post","type-post","status-publish","format-standard","has-post-thumbnail","hentry","category-haberler","category-sozlesmeler","category-toplantilar"],"_links":{"self":[{"href":"https:\/\/yerelsen.org.tr\/index.php\/wp-json\/wp\/v2\/posts\/2712","targetHints":{"allow":["GET"]}}],"collection":[{"href":"https:\/\/yerelsen.org.tr\/index.php\/wp-json\/wp\/v2\/posts"}],"about":[{"href":"https:\/\/yerelsen.org.tr\/index.php\/wp-json\/wp\/v2\/types\/post"}],"author":[{"embeddable":true,"href":"https:\/\/yerelsen.org.tr\/index.php\/wp-json\/wp\/v2\/users\/3"}],"replies":[{"embeddable":true,"href":"https:\/\/yerelsen.org.tr\/index.php\/wp-json\/wp\/v2\/comments?post=2712"}],"version-history":[{"count":5,"href":"https:\/\/yerelsen.org.tr\/index.php\/wp-json\/wp\/v2\/posts\/2712\/revisions"}],"predecessor-version":[{"id":2719,"href":"https:\/\/yerelsen.org.tr\/index.php\/wp-json\/wp\/v2\/posts\/2712\/revisions\/2719"}],"wp:featuredmedia":[{"embeddable":true,"href":"https:\/\/yerelsen.org.tr\/index.php\/wp-json\/wp\/v2\/media\/2713"}],"wp:attachment":[{"href":"https:\/\/yerelsen.org.tr\/index.php\/wp-json\/wp\/v2\/media?parent=2712"}],"wp:term":[{"taxonomy":"category","embeddable":true,"href":"https:\/\/yerelsen.org.tr\/index.php\/wp-json\/wp\/v2\/categories?post=2712"},{"taxonomy":"post_tag","embeddable":true,"href":"https:\/\/yerelsen.org.tr\/index.php\/wp-json\/wp\/v2\/tags?post=2712"}],"curies":[{"name":"wp","href":"https:\/\/api.w.org\/{rel}","templated":true}]}}