{"id":2722,"date":"2013-03-11T13:10:08","date_gmt":"2013-03-11T11:10:08","guid":{"rendered":"https:\/\/yerelsen.org.tr\/?p=2722"},"modified":"2013-03-11T13:12:02","modified_gmt":"2013-03-11T11:12:02","slug":"hendek-belediyesinde-mutlu-son","status":"publish","type":"post","link":"https:\/\/yerelsen.org.tr\/index.php\/hendek-belediyesinde-mutlu-son\/","title":{"rendered":"HENDEK BELED\u0130YES\u0130&#8217;NDE MUTLU SON"},"content":{"rendered":"<p>Hendek Belediyesi i\u015f\u00e7ilerinin heyecanla bekledi\u011fi toplu i\u015f s\u00f6zle\u015fmesi m\u00fczakereleri her iki taraf\u0131n da varm\u0131\u015f oldu\u011fu mutabakat sonucunda 14 \u015eubat 2013 tarihide imza alt\u0131na al\u0131nd\u0131. Hendek Belediyesi\u2019nde i\u015fveren ad\u0131na toplu i\u015f s\u00f6zle\u015fmeleri m\u00fczakerelerini takip eden sendikam\u0131z ile Hizmet \u0130\u015f sendikas\u0131 aras\u0131nda ger\u00e7ekle\u015fen toplu i\u015f s\u00f6zle\u015fmesi toplant\u0131lar\u0131na Hendek Belediye Ba\u015fkan Yard\u0131mc\u0131s\u0131 Ey\u00fcp \u00c7izer ve Yaz\u0131 \u0130\u015fleri M\u00fcd\u00fcr\u00fc Hilmi \u00d6zkoyuncu da i\u015ftirak ettiler.<\/p>\n<p>Hendek Belediyesi meclis salonunda ger\u00e7ekle\u015ftirilen toplant\u0131da sendikam\u0131z Yerelsen\u2019i, Genel Sekreterimiz M\u00fcmtaz Uzun ve sendika uzman\u0131 Yavuz Alt\u0131n\u0131\u015f\u0131k temsil etti. Ba\u015fkan Yard\u0131mc\u0131s\u0131 Ey\u00fcp \u00c7izer\u2019in de i\u015ftirak etti\u011fi toplant\u0131ya i\u015f\u00e7ileri temsilen Hizmet \u0130\u015f Sendikas\u0131 Sakarya \u015eube yetkilileri kat\u0131ld\u0131. \u0130\u015f\u00e7i sendikas\u0131n\u0131n 69 maddelik s\u00f6zle\u015fme tasla\u011f\u0131 \u00fczerinden ger\u00e7ekle\u015ftirilen g\u00f6r\u00fc\u015fmelerde idari maddeler ile i\u015f\u00e7i \u00fccretlerine y\u00f6nelik maddeler \u00fczerinde uzla\u015fmaya var\u0131ld\u0131. Y\u00fcr\u00fcrl\u00fck s\u00fcresi 15.06.2012 ile 14.06.2014 tarihleri aras\u0131nda olan s\u00f6zle\u015fme sonunda a\u00e7\u0131klamada bulunan Genel Sekreter M\u00fcmtaz Uzun, Hendek Belediyesi\u2019nde yap\u0131lan s\u00f6zle\u015fme sonucunun her iki taraf\u0131 da memnun edecek bir i\u00e7erikte oldu\u011funu ve yap\u0131lan s\u00f6zle\u015fmenin her iki tarafa da hay\u0131rl\u0131 olmas\u0131n\u0131 diledi.<\/p>\n","protected":false},"excerpt":{"rendered":"Hendek Belediyesi i\u015f\u00e7ilerinin heyecanla bekledi\u011fi toplu i\u015f s\u00f6zle\u015fmesi m\u00fczakereleri her iki taraf\u0131n da varm\u0131\u015f oldu\u011fu mutabakat sonucunda 14 \u015eubat 2013 [&hellip;]","protected":false},"author":3,"featured_media":2723,"comment_status":"closed","ping_status":"closed","sticky":false,"template":"","format":"standard","meta":{"footnotes":""},"categories":[1,24,25],"tags":[],"class_list":["post-2722","post","type-post","status-publish","format-standard","has-post-thumbnail","hentry","category-haberler","category-sozlesmeler","category-toplantilar"],"_links":{"self":[{"href":"https:\/\/yerelsen.org.tr\/index.php\/wp-json\/wp\/v2\/posts\/2722","targetHints":{"allow":["GET"]}}],"collection":[{"href":"https:\/\/yerelsen.org.tr\/index.php\/wp-json\/wp\/v2\/posts"}],"about":[{"href":"https:\/\/yerelsen.org.tr\/index.php\/wp-json\/wp\/v2\/types\/post"}],"author":[{"embeddable":true,"href":"https:\/\/yerelsen.org.tr\/index.php\/wp-json\/wp\/v2\/users\/3"}],"replies":[{"embeddable":true,"href":"https:\/\/yerelsen.org.tr\/index.php\/wp-json\/wp\/v2\/comments?post=2722"}],"version-history":[{"count":4,"href":"https:\/\/yerelsen.org.tr\/index.php\/wp-json\/wp\/v2\/posts\/2722\/revisions"}],"predecessor-version":[{"id":2726,"href":"https:\/\/yerelsen.org.tr\/index.php\/wp-json\/wp\/v2\/posts\/2722\/revisions\/2726"}],"wp:featuredmedia":[{"embeddable":true,"href":"https:\/\/yerelsen.org.tr\/index.php\/wp-json\/wp\/v2\/media\/2723"}],"wp:attachment":[{"href":"https:\/\/yerelsen.org.tr\/index.php\/wp-json\/wp\/v2\/media?parent=2722"}],"wp:term":[{"taxonomy":"category","embeddable":true,"href":"https:\/\/yerelsen.org.tr\/index.php\/wp-json\/wp\/v2\/categories?post=2722"},{"taxonomy":"post_tag","embeddable":true,"href":"https:\/\/yerelsen.org.tr\/index.php\/wp-json\/wp\/v2\/tags?post=2722"}],"curies":[{"name":"wp","href":"https:\/\/api.w.org\/{rel}","templated":true}]}}