{"id":2751,"date":"2013-03-17T23:05:22","date_gmt":"2013-03-17T21:05:22","guid":{"rendered":"https:\/\/yerelsen.org.tr\/?p=2751"},"modified":"2013-03-17T23:07:51","modified_gmt":"2013-03-17T21:07:51","slug":"yalova-taskoprude-imzalar-atildi","status":"publish","type":"post","link":"https:\/\/yerelsen.org.tr\/index.php\/yalova-taskoprude-imzalar-atildi\/","title":{"rendered":"YALOVA TA\u015eK\u00d6PR\u00dc&#8217;DE \u0130MZALAR ATILDI"},"content":{"rendered":"<p>Sendikam\u0131z \u00fcyelerinden Yalova Ta\u015fk\u00f6pr\u00fc Belediyesi\u2019nde \u00e7al\u0131\u015fan i\u015f\u00e7ilerin heyecanla bekledi\u011fi toplu i\u015f s\u00f6zle\u015fmesi g\u00f6r\u00fc\u015fmeleri ba\u015far\u0131yla sonu\u00e7land\u0131. Ta\u015fk\u00f6pr\u00fc Belediyesi ad\u0131na toplu i\u015f s\u00f6zle\u015fmesi g\u00f6r\u00fc\u015fmelerini y\u00fcr\u00fcten sendikam\u0131z ile Ta\u015fk\u00f6pr\u00fc Belediyesi\u2019nde \u00f6rg\u00fctl\u00fc bulunan Genel-\u0130\u015f Sendikas\u0131 aras\u0131nda 15 Mart 2013 tarihinde yap\u0131lan toplu i\u015f s\u00f6zle\u015fmesi taraflar aras\u0131nda var\u0131lan mutabakat sonucunda imzaland\u0131.<a href=\"https:\/\/yerelsen.org.tr\/index.php\/yalova-taskoprude-imzalar-atildi\/tas-kopru-bel-logo-6\/\" rel=\"attachment wp-att-2764\"><img loading=\"lazy\" decoding=\"async\" class=\"aligncenter size-medium wp-image-2764\" title=\"ta\u015f k\u00f6pr\u00fc bel.LOGO\" src=\"https:\/\/yerelsen.org.tr\/wp-content\/uploads\/2013\/03\/ta\u015f-k\u00f6pr\u00fc-bel.LOGO_5-620x620.jpg\" alt=\"\" width=\"620\" height=\"620\" \/><\/a><\/p>\n<p>Ta\u015fk\u00f6pr\u00fc Belediyesi Meclis Salonu\u2019nda yap\u0131lan imza t\u00f6renine sendika Genel Sekreterimiz M\u00fcmtaz Uzun ile sendikam\u0131z uzmanlar\u0131ndan Yavuz Alt\u0131n\u0131\u015f\u0131k kat\u0131ld\u0131. Belediye \u00e7al\u0131\u015fanlar\u0131n\u0131 temsilen Genel-\u0130\u015f Sendikas\u0131\u2019ndan Genel-\u0130\u015f \u015eube Ba\u015fkan\u0131 Selahattin Atak ve i\u015fyeri sendika temsilcisi Mehmet Bayar\u2019\u0131n da haz\u0131r bulundu\u011fu toplant\u0131 sonucunda 63 maddelik toplu i\u015f s\u00f6zle\u015fmesi imzaland\u0131. At\u0131lan imzalar sonucunda Ta\u015fk\u00f6pr\u00fc Belediye Ba\u015fkan\u0131 \u015eaban Ertan bir y\u0131ll\u0131\u011f\u0131na ge\u00e7erli olacak toplu i\u015f s\u00f6zle\u015fmesinin her iki tarafa da hay\u0131rl\u0131 olmas\u0131 temennisinde bulundu.<\/p>\n<p>&nbsp;<\/p>\n","protected":false},"excerpt":{"rendered":"Sendikam\u0131z \u00fcyelerinden Yalova Ta\u015fk\u00f6pr\u00fc Belediyesi\u2019nde \u00e7al\u0131\u015fan i\u015f\u00e7ilerin heyecanla bekledi\u011fi toplu i\u015f s\u00f6zle\u015fmesi g\u00f6r\u00fc\u015fmeleri ba\u015far\u0131yla sonu\u00e7land\u0131. Ta\u015fk\u00f6pr\u00fc Belediyesi ad\u0131na toplu i\u015f [&hellip;]","protected":false},"author":3,"featured_media":0,"comment_status":"closed","ping_status":"closed","sticky":false,"template":"","format":"standard","meta":{"footnotes":""},"categories":[1,24,25],"tags":[],"class_list":["post-2751","post","type-post","status-publish","format-standard","hentry","category-haberler","category-sozlesmeler","category-toplantilar"],"_links":{"self":[{"href":"https:\/\/yerelsen.org.tr\/index.php\/wp-json\/wp\/v2\/posts\/2751","targetHints":{"allow":["GET"]}}],"collection":[{"href":"https:\/\/yerelsen.org.tr\/index.php\/wp-json\/wp\/v2\/posts"}],"about":[{"href":"https:\/\/yerelsen.org.tr\/index.php\/wp-json\/wp\/v2\/types\/post"}],"author":[{"embeddable":true,"href":"https:\/\/yerelsen.org.tr\/index.php\/wp-json\/wp\/v2\/users\/3"}],"replies":[{"embeddable":true,"href":"https:\/\/yerelsen.org.tr\/index.php\/wp-json\/wp\/v2\/comments?post=2751"}],"version-history":[{"count":8,"href":"https:\/\/yerelsen.org.tr\/index.php\/wp-json\/wp\/v2\/posts\/2751\/revisions"}],"predecessor-version":[{"id":2765,"href":"https:\/\/yerelsen.org.tr\/index.php\/wp-json\/wp\/v2\/posts\/2751\/revisions\/2765"}],"wp:attachment":[{"href":"https:\/\/yerelsen.org.tr\/index.php\/wp-json\/wp\/v2\/media?parent=2751"}],"wp:term":[{"taxonomy":"category","embeddable":true,"href":"https:\/\/yerelsen.org.tr\/index.php\/wp-json\/wp\/v2\/categories?post=2751"},{"taxonomy":"post_tag","embeddable":true,"href":"https:\/\/yerelsen.org.tr\/index.php\/wp-json\/wp\/v2\/tags?post=2751"}],"curies":[{"name":"wp","href":"https:\/\/api.w.org\/{rel}","templated":true}]}}