{"id":2792,"date":"2013-03-26T12:31:24","date_gmt":"2013-03-26T10:31:24","guid":{"rendered":"https:\/\/yerelsen.org.tr\/?p=2792"},"modified":"2013-03-26T12:31:24","modified_gmt":"2013-03-26T10:31:24","slug":"kandira-belediyesinde-ilk-oturum-yapildi","status":"publish","type":"post","link":"https:\/\/yerelsen.org.tr\/index.php\/kandira-belediyesinde-ilk-oturum-yapildi\/","title":{"rendered":"KANDIRA BELED\u0130YES\u0130\u2019NDE \u0130LK OTURUM YAPILDI"},"content":{"rendered":"<p style=\"text-align: justify;\">Sendikam\u0131z \u00fcyelerinden Kand\u0131ra Belediyesi\u2019nde toplu i\u015f s\u00f6zle\u015fmesi g\u00f6r\u00fc\u015fmelerinin ilk oturumu yap\u0131ld\u0131. 26 Mart 2013 tarihinde ba\u015flayan g\u00f6r\u00fc\u015fmede Kand\u0131ra Belediyesi\u2019ni temsilen Yerelsen Genel Sekreteri M\u00fcmtaz Uzun, sendikam\u0131z uzmanlar\u0131ndan Mete Bilgin ve Hasan Tenlik haz\u0131r bulundu. Kand\u0131ra Belediyesi Ba\u015fkan\u0131 Cengiz KAN&#8217;\u0131n makam\u0131nda ger\u00e7ekle\u015fen toplant\u0131ya Kand\u0131ra Belediyesi Mali Hizmetler M\u00fcd\u00fcr\u00fc Cevat \u00d6ZDEM\u0130R ile Zab\u0131ta M\u00fcd\u00fcr\u00fc Nihat KAYMAK\u2019\u0131n yan\u0131 s\u0131ra Kand\u0131ra Belediyesi\u2019nde \u00f6rg\u00fctl\u00fc bulunan Belediye \u0130\u015f sendikas\u0131ndan Osman \u015ear, Belediye \u0130\u015f \u015eube Mali Sekreteri \u0130brahim Varol, Belediye \u0130\u015f sendika \u00fcyeleri ve i\u015fyeri temsilcisi kat\u0131ld\u0131.\u00a0<a href=\"https:\/\/yerelsen.org.tr\/index.php\/kandira-belediyesinde-ilk-oturum-yapildi\/dsc_0003\/\" rel=\"attachment wp-att-2795\"><img loading=\"lazy\" decoding=\"async\" class=\"aligncenter size-medium wp-image-2795\" title=\"DSC_0003\" src=\"https:\/\/yerelsen.org.tr\/wp-content\/uploads\/2013\/03\/DSC_0003-620x411.jpg\" alt=\"\" width=\"620\" height=\"411\" srcset=\"https:\/\/yerelsen.org.tr\/wp-content\/uploads\/2013\/03\/DSC_0003-620x411.jpg 620w, https:\/\/yerelsen.org.tr\/wp-content\/uploads\/2013\/03\/DSC_0003-850x564.jpg 850w, https:\/\/yerelsen.org.tr\/wp-content\/uploads\/2013\/03\/DSC_0003.jpg 1024w\" sizes=\"auto, (max-width: 620px) 100vw, 620px\" \/><\/a><\/p>\n<p style=\"text-align: justify;\">Toplant\u0131 a\u00e7\u0131l\u0131\u015f konu\u015fmas\u0131nda i\u015f\u00e7ilerle yap\u0131lacak toplu i\u015f s\u00f6zle\u015fmesinin her iki tarafa da \u015fimdiden hay\u0131rl\u0131 olmas\u0131n\u0131 dileyen Cengiz Kan al\u0131nacak kararlar\u0131n hem belediye hem de belediye \u00e7al\u0131\u015fanlar\u0131 i\u00e7in makul sonu\u00e7lar do\u011furmas\u0131 temennisinde bulundu.<\/p>\n<p style=\"text-align: justify;\">Yap\u0131lan g\u00f6r\u00fc\u015fmeler sonucunda i\u015f\u00e7i sendikas\u0131 teklif tasla\u011f\u0131ndaki 62 maddeden 18\u2019i ge\u00e7ilerek \u00fccrete y\u00f6nelik maddelerin ertelenmesi yoluna gidildi. \u00a0Al\u0131nan kararlar sonucunda toplant\u0131, bir sonraki g\u00f6r\u00fc\u015fmenin 05 Nisan 2013 tarihinde yap\u0131lmas\u0131na karar verilerek son buldu.<\/p>\n","protected":false},"excerpt":{"rendered":"Sendikam\u0131z \u00fcyelerinden Kand\u0131ra Belediyesi\u2019nde toplu i\u015f s\u00f6zle\u015fmesi g\u00f6r\u00fc\u015fmelerinin ilk oturumu yap\u0131ld\u0131. 26 Mart 2013 tarihinde ba\u015flayan g\u00f6r\u00fc\u015fmede Kand\u0131ra Belediyesi\u2019ni temsilen [&hellip;]","protected":false},"author":3,"featured_media":2793,"comment_status":"closed","ping_status":"closed","sticky":false,"template":"","format":"standard","meta":{"footnotes":""},"categories":[1,24,25],"tags":[],"class_list":["post-2792","post","type-post","status-publish","format-standard","has-post-thumbnail","hentry","category-haberler","category-sozlesmeler","category-toplantilar"],"_links":{"self":[{"href":"https:\/\/yerelsen.org.tr\/index.php\/wp-json\/wp\/v2\/posts\/2792","targetHints":{"allow":["GET"]}}],"collection":[{"href":"https:\/\/yerelsen.org.tr\/index.php\/wp-json\/wp\/v2\/posts"}],"about":[{"href":"https:\/\/yerelsen.org.tr\/index.php\/wp-json\/wp\/v2\/types\/post"}],"author":[{"embeddable":true,"href":"https:\/\/yerelsen.org.tr\/index.php\/wp-json\/wp\/v2\/users\/3"}],"replies":[{"embeddable":true,"href":"https:\/\/yerelsen.org.tr\/index.php\/wp-json\/wp\/v2\/comments?post=2792"}],"version-history":[{"count":4,"href":"https:\/\/yerelsen.org.tr\/index.php\/wp-json\/wp\/v2\/posts\/2792\/revisions"}],"predecessor-version":[{"id":2798,"href":"https:\/\/yerelsen.org.tr\/index.php\/wp-json\/wp\/v2\/posts\/2792\/revisions\/2798"}],"wp:featuredmedia":[{"embeddable":true,"href":"https:\/\/yerelsen.org.tr\/index.php\/wp-json\/wp\/v2\/media\/2793"}],"wp:attachment":[{"href":"https:\/\/yerelsen.org.tr\/index.php\/wp-json\/wp\/v2\/media?parent=2792"}],"wp:term":[{"taxonomy":"category","embeddable":true,"href":"https:\/\/yerelsen.org.tr\/index.php\/wp-json\/wp\/v2\/categories?post=2792"},{"taxonomy":"post_tag","embeddable":true,"href":"https:\/\/yerelsen.org.tr\/index.php\/wp-json\/wp\/v2\/tags?post=2792"}],"curies":[{"name":"wp","href":"https:\/\/api.w.org\/{rel}","templated":true}]}}