{"id":3017,"date":"2013-05-24T22:20:59","date_gmt":"2013-05-24T20:20:59","guid":{"rendered":"https:\/\/yerelsen.org.tr\/?p=3017"},"modified":"2013-05-25T00:27:39","modified_gmt":"2013-05-24T22:27:39","slug":"gebze-sozlesmesinde-dogum-tesvik-pirimi","status":"publish","type":"post","link":"https:\/\/yerelsen.org.tr\/index.php\/gebze-sozlesmesinde-dogum-tesvik-pirimi\/","title":{"rendered":"GEBZE BELED\u0130YES\u0130&#8217;NDE B\u0130R \u0130LKE \u0130MZA ATILDI"},"content":{"rendered":"<p style=\"text-align: justify;\">Sendikam\u0131z \u00fcyelerinden <a title=\"Gebze Haberleri\" href=\"http:\/\/www.haberler.com\/gebze\/\">Gebze<\/a>\u00a0Belediyesi ile Hizmet \u0130\u015f Sendikas\u0131 aras\u0131nda, 295 belediye \u00e7al\u0131\u015fan\u0131n\u0131 ilgilendiren toplu i\u015f s\u00f6zle\u015fmesi kar\u015f\u0131l\u0131kl\u0131 imzalar\u0131n at\u0131lmas\u0131yla tamamland\u0131. \u0130lk oturumu 08 \u015eubat 2013 tarihinde ba\u015flayan g\u00f6r\u00fc\u015fmeler 24 May\u0131s 2013 tarihinde yap\u0131lan imza t\u00f6reniyle sonu\u00e7land\u0131.<\/p>\n<p style=\"text-align: justify;\"><a title=\"Gebze Haberleri\" href=\"http:\/\/www.haberler.com\/gebze\/\">Gebze<\/a>\u00a0Kent Meydan\u0131 K\u00fclt\u00fcr Merkezi salonunda yap\u0131lan imza t\u00f6reninde Gebze Belediye Ba\u015fkan\u0131\u00a0<a title=\"Adnan K\u00f6\u015fker Haberleri\" href=\"http:\/\/www.haberler.com\/adnan-kosker\/\">Adnan K\u00f6\u015fker<\/a>&#8216;in yan\u0131 s\u0131ra belediye ba\u015fkan yard\u0131mc\u0131lar\u0131 Ahmet Kisbet, Orhan Sipahio\u011flu, Nilay Ayran, ba\u015fkan dan\u0131\u015fman\u0131 \u015eakir Bitmez, birim m\u00fcd\u00fcrleri ve belediye i\u015f\u00e7ileri kat\u0131ld\u0131. Genel Sekreterimiz M\u00fcmtaz Uzun ve sendika uzmanlar\u0131m\u0131z\u0131n haz\u0131r bulundu\u011fu t\u00f6rende i\u015f\u00e7ileri temsilen Hizmet \u0130\u015f Sendikas\u0131\u2019ndan Hizmet \u0130\u015f Kocaeli \u015eube Ba\u015fkan\u0131 \u0130dris Ersoy ve sendika i\u015fyeri temsilcileri kat\u0131ld\u0131.<\/p>\n<p><a href=\"https:\/\/yerelsen.org.tr\/wp-content\/uploads\/2013\/05\/IMG_2788.jpg\"><img loading=\"lazy\" decoding=\"async\" class=\"aligncenter size-full wp-image-3024\" alt=\"IMG_2788\" src=\"https:\/\/yerelsen.org.tr\/wp-content\/uploads\/2013\/05\/IMG_2788.jpg\" width=\"720\" height=\"480\" srcset=\"https:\/\/yerelsen.org.tr\/wp-content\/uploads\/2013\/05\/IMG_2788.jpg 720w, https:\/\/yerelsen.org.tr\/wp-content\/uploads\/2013\/05\/IMG_2788-620x413.jpg 620w\" sizes=\"auto, (max-width: 720px) 100vw, 720px\" \/><\/a><\/p>\n<p style=\"text-align: justify;\">Sayg\u0131 duru\u015fu ve \u0130stiklal Mar\u015f\u0131&#8217;n\u0131n okunmas\u0131yla ba\u015flayan t\u00f6rende k\u0131sa bir selamlama konu\u015fmas\u0131 yapan Hizmet \u0130\u015f\u00a0<a title=\"Kocaeli Haberleri\" href=\"http:\/\/www.haberler.com\/kocaeli\/\">Kocaeli<\/a>\u00a0\u015eube Ba\u015fkan\u0131 \u0130dris Ersoy, bu seneki toplu i\u015f s\u00f6zle\u015fmesinde ya\u015fanan gecikmenin yeni \u00e7\u0131kan sendika yasas\u0131yla ilgili oldu\u011funu dile getirerek ya\u015fanan gecikmeye ra\u011fmen kar\u015f\u0131l\u0131kl\u0131 mutabakat alt\u0131nda imzalanan toplu i\u015f s\u00f6zle\u015fmesinin Kocaeli\u2019deki di\u011fer kurumlarda imzalanan toplu i\u015f s\u00f6zle\u015fmelerinden daha iyi \u015fartlar\u0131 i\u00e7erdi\u011fini ifade etti. \u00a0\u00dccret ve sosyal yard\u0131mlar noktas\u0131nda anla\u015f\u0131lan oran\u0131n di\u011fer kurumlardaki s\u00f6zle\u015fme oranlar\u0131na nazaran olduk\u00e7a y\u00fcksek oldu\u011funa dikkat \u00e7eken Ersoy, Gebze Belediyesi \u00e7al\u0131\u015fanlar\u0131 olarak verilen \u00fccret art\u0131\u015f\u0131n\u0131 helal ettirebilmek ad\u0131na bug\u00fcne kadar oldu\u011fu gibi bundan sonra da var g\u00fc\u00e7leriyle \u00e7al\u0131\u015facaklar\u0131n\u0131 s\u00f6yledi. Toplu i\u015f g\u00f6r\u00fc\u015fmelerinde eme\u011fi ge\u00e7en herkese te\u015fekk\u00fcr etti\u011fini ifade eden Ersoy, ba\u015fta \u201ci\u015f\u00e7i babas\u0131\u201d olarak nitelendirdi\u011fi Gebze Belediye Ba\u015fkan\u0131 Adnan K\u00f6\u015fker olmak \u00fczere, i\u015fyeri temsilcilerine ve sendikam\u0131z Yerelsen\u2019e \u015f\u00fckranlar\u0131n\u0131 sunarak yap\u0131lan s\u00f6zle\u015fmenin herkese hay\u0131rl\u0131 olmas\u0131 temennisinde bulundu.<\/p>\n<p style=\"text-align: justify;\"><a href=\"https:\/\/yerelsen.org.tr\/wp-content\/uploads\/2013\/05\/IMG_2793.jpg\"><img loading=\"lazy\" decoding=\"async\" class=\"aligncenter size-full wp-image-3019\" alt=\"IMG_2793\" src=\"https:\/\/yerelsen.org.tr\/wp-content\/uploads\/2013\/05\/IMG_2793.jpg\" width=\"720\" height=\"480\" srcset=\"https:\/\/yerelsen.org.tr\/wp-content\/uploads\/2013\/05\/IMG_2793.jpg 720w, https:\/\/yerelsen.org.tr\/wp-content\/uploads\/2013\/05\/IMG_2793-620x413.jpg 620w\" sizes=\"auto, (max-width: 720px) 100vw, 720px\" \/><\/a><\/p>\n<p style=\"text-align: justify;\">Hizmet \u0130\u015f \u015eube Ba\u015fkan\u0131 \u0130dris Ersoy&#8217;un ard\u0131ndan k\u00fcrs\u00fcye gelen Genel Sekreterimiz M\u00fcmtaz Uzun, yap\u0131lan s\u00f6zle\u015fmenin t\u00fcm belediyeler i\u00e7in \u00f6rnek bir s\u00f6zle\u015fme niteli\u011finde oldu\u011funu ifade ederek yap\u0131lan s\u00f6zle\u015fmenin herkese hay\u0131rl\u0131 olmas\u0131n\u0131 diledi.<\/p>\n<p style=\"text-align: justify;\"><a href=\"https:\/\/yerelsen.org.tr\/wp-content\/uploads\/2013\/05\/IMG_2792.jpg\"><img loading=\"lazy\" decoding=\"async\" class=\"aligncenter size-full wp-image-3020\" alt=\"IMG_2792\" src=\"https:\/\/yerelsen.org.tr\/wp-content\/uploads\/2013\/05\/IMG_2792.jpg\" width=\"720\" height=\"480\" srcset=\"https:\/\/yerelsen.org.tr\/wp-content\/uploads\/2013\/05\/IMG_2792.jpg 720w, https:\/\/yerelsen.org.tr\/wp-content\/uploads\/2013\/05\/IMG_2792-620x413.jpg 620w\" sizes=\"auto, (max-width: 720px) 100vw, 720px\" \/><\/a><\/p>\n<p style=\"text-align: justify;\"><b>DO\u011eUM TE\u015eV\u0130K MADDES\u0130<\/b><\/p>\n<p style=\"text-align: justify;\"><b><\/b>Sekreterimizin ard\u0131ndan i\u015f\u00e7ilere seslenen\u00a0<a title=\"Gebze Haberleri\" href=\"http:\/\/www.haberler.com\/gebze\/\">Gebze<\/a>\u00a0Belediye Ba\u015fkan\u0131\u00a0<a title=\"Adnan K\u00f6\u015fker Haberleri\" href=\"http:\/\/www.haberler.com\/adnan-kosker\/\">Adnan K\u00f6\u015fker<\/a>, i\u015f\u00e7i hakk\u0131n\u0131n kutsal oldu\u011funa dikkat \u00e7ekerek, belediye \u00e7al\u0131\u015fanlar\u0131na al\u0131nlar\u0131n\u0131n terinin so\u011fumadan haklar\u0131n\u0131n verilmesi ilkesinden hareket ederek yakla\u015ft\u0131klar\u0131n\u0131 s\u00f6yledi. En b\u00fcy\u00fck projelerinin Gebze halk\u0131n\u0131n mutlu etmek oldu\u011funa vurgu yapan Ba\u015fkan K\u00f6\u015fker s\u00f6zlerine,\u00a0 &#8221; Mutluluk aileden ba\u015flar ve t\u00fcm kente yay\u0131l\u0131r. Kentimizdeki de\u011fi\u015fimi birlikte ba\u015flatt\u0131k birlikte ba\u015far\u0131yoruz. Yap\u0131lan anketlere bakt\u0131\u011f\u0131m\u0131zda, \u00e7al\u0131\u015fanlar\u0131m\u0131z\u0131n gayreti ile vatanda\u015f\u0131m\u0131z\u0131n belediye hizmetlerinden duyduklar\u0131 memnuniyetin y\u00fczde 80&#8217;lere y\u00fckseldi\u011fini g\u00f6r\u00fcyoruz. Bu gayretlerinizden \u00f6t\u00fcr\u00fc sizlere bir kez daha te\u015fekk\u00fcr ediyorum. 5 y\u0131lda 20 y\u0131ll\u0131k hizmete birlikte imza att\u0131k. Bug\u00fcn imza ataca\u011f\u0131m\u0131z toplu i\u015f s\u00f6zle\u015fmesinde, her iki taraf\u0131n g\u00f6nl\u00fc oldu\u011funa inan\u0131yorum\u201d ifadeleriyle devam etti.<\/p>\n<p style=\"text-align: justify;\"><a href=\"https:\/\/yerelsen.org.tr\/wp-content\/uploads\/2013\/05\/IMG_2791.jpg\"><img loading=\"lazy\" decoding=\"async\" class=\"aligncenter size-full wp-image-3021\" alt=\"IMG_2791\" src=\"https:\/\/yerelsen.org.tr\/wp-content\/uploads\/2013\/05\/IMG_2791.jpg\" width=\"720\" height=\"480\" srcset=\"https:\/\/yerelsen.org.tr\/wp-content\/uploads\/2013\/05\/IMG_2791.jpg 720w, https:\/\/yerelsen.org.tr\/wp-content\/uploads\/2013\/05\/IMG_2791-620x413.jpg 620w\" sizes=\"auto, (max-width: 720px) 100vw, 720px\" \/><\/a><\/p>\n<p style=\"text-align: justify;\">Bug\u00fcne kadar imzalanan toplu i\u015f s\u00f6zle\u015fmelerinde olmayan bir maddeyi de s\u00f6zle\u015fmeye koyduklar\u0131n\u0131 ifade eden Ba\u015fkan k\u00f6\u015fker; Say\u0131n Ba\u015fbakan\u0131m\u0131z <a title=\"Recep Tayyip Erdo\u011fan Haberleri\" href=\"http:\/\/www.haberler.com\/recep-tayyip-erdogan\/\">Recep Tayyip Erdo\u011fan<\/a>&#8216;\u0131n her f\u0131rsatta dile getirdi\u011fi, gelecekte daha g\u00fc\u00e7l\u00fc ve gen\u00e7 bir n\u00fcfusa sahip bir\u00a0<a title=\"T\u00fcrkiye Haberleri\" href=\"http:\/\/www.haberler.com\/turkiye\/\">T\u00fcrkiye<\/a>\u00a0i\u00e7in yapt\u0131\u011f\u0131 en az \u00fc\u00e7 \u00e7ocuk \u00e7a\u011fr\u0131s\u0131na destek olmak i\u00e7in \u00e7ocuk yard\u0131mlar\u0131n\u0131 iki kat\u0131na \u00e7\u0131karma karar\u0131 ald\u0131klar\u0131n\u0131 dile getirdi. Bu vesileyle 900 TL olan \u00e7ocuk yard\u0131m\u0131n\u0131 ikinci \u00e7ocuktan itibaren ikiyle \u00e7arpt\u0131klar\u0131n\u0131, ikinci \u00e7ocuktan itibaren yard\u0131m miktar\u0131n\u0131n bin 800 Lira olaca\u011f\u0131n\u0131 s\u00f6yleyerek yap\u0131lan toplu i\u015f s\u00f6zle\u015fmesinin herkese hay\u0131rl\u0131 u\u011furlu olmas\u0131n\u0131 diledi.<\/p>\n<p style=\"text-align: justify;\">Yap\u0131lan konu\u015fmalar sonras\u0131nda s\u00f6zle\u015fme imzalanarak t\u00f6ren sona erdirildi. T\u00f6ren sonunda Ba\u015fkan Adnan K\u00f6\u015fker Genel Sekreterimiz M\u00fcmtaz Uzun ve Hizmet \u0130\u015f Sendikas\u0131 \u015eube Ba\u015fkan\u0131 \u0130dris Erol\u2019a plaket ve \u00e7i\u00e7ek takdiminde bulundu.<\/p>\n<p><a href=\"https:\/\/yerelsen.org.tr\/wp-content\/uploads\/2013\/05\/IMG_27851-e1369426216548.jpg\"><img loading=\"lazy\" decoding=\"async\" class=\"aligncenter size-full wp-image-3027\" alt=\"IMG_2785\" src=\"https:\/\/yerelsen.org.tr\/wp-content\/uploads\/2013\/05\/IMG_27851-e1369426216548.jpg\" width=\"480\" height=\"720\" \/><\/a><\/p>\n<p><a href=\"https:\/\/yerelsen.org.tr\/wp-content\/uploads\/2013\/05\/IMG_2789-e1369426254914.jpg\"><img loading=\"lazy\" decoding=\"async\" class=\"aligncenter size-full wp-image-3023\" alt=\"IMG_2789\" src=\"https:\/\/yerelsen.org.tr\/wp-content\/uploads\/2013\/05\/IMG_2789-e1369426254914.jpg\" width=\"480\" height=\"720\" \/><\/a><\/p>\n<p>&nbsp;<\/p>\n","protected":false},"excerpt":{"rendered":"Sendikam\u0131z \u00fcyelerinden Gebze\u00a0Belediyesi ile Hizmet \u0130\u015f Sendikas\u0131 aras\u0131nda, 295 belediye \u00e7al\u0131\u015fan\u0131n\u0131 ilgilendiren toplu i\u015f s\u00f6zle\u015fmesi kar\u015f\u0131l\u0131kl\u0131 imzalar\u0131n at\u0131lmas\u0131yla tamamland\u0131. \u0130lk [&hellip;]","protected":false},"author":3,"featured_media":3018,"comment_status":"closed","ping_status":"closed","sticky":false,"template":"","format":"standard","meta":{"footnotes":""},"categories":[1,24,25],"tags":[],"class_list":["post-3017","post","type-post","status-publish","format-standard","has-post-thumbnail","hentry","category-haberler","category-sozlesmeler","category-toplantilar"],"_links":{"self":[{"href":"https:\/\/yerelsen.org.tr\/index.php\/wp-json\/wp\/v2\/posts\/3017","targetHints":{"allow":["GET"]}}],"collection":[{"href":"https:\/\/yerelsen.org.tr\/index.php\/wp-json\/wp\/v2\/posts"}],"about":[{"href":"https:\/\/yerelsen.org.tr\/index.php\/wp-json\/wp\/v2\/types\/post"}],"author":[{"embeddable":true,"href":"https:\/\/yerelsen.org.tr\/index.php\/wp-json\/wp\/v2\/users\/3"}],"replies":[{"embeddable":true,"href":"https:\/\/yerelsen.org.tr\/index.php\/wp-json\/wp\/v2\/comments?post=3017"}],"version-history":[{"count":4,"href":"https:\/\/yerelsen.org.tr\/index.php\/wp-json\/wp\/v2\/posts\/3017\/revisions"}],"predecessor-version":[{"id":3032,"href":"https:\/\/yerelsen.org.tr\/index.php\/wp-json\/wp\/v2\/posts\/3017\/revisions\/3032"}],"wp:featuredmedia":[{"embeddable":true,"href":"https:\/\/yerelsen.org.tr\/index.php\/wp-json\/wp\/v2\/media\/3018"}],"wp:attachment":[{"href":"https:\/\/yerelsen.org.tr\/index.php\/wp-json\/wp\/v2\/media?parent=3017"}],"wp:term":[{"taxonomy":"category","embeddable":true,"href":"https:\/\/yerelsen.org.tr\/index.php\/wp-json\/wp\/v2\/categories?post=3017"},{"taxonomy":"post_tag","embeddable":true,"href":"https:\/\/yerelsen.org.tr\/index.php\/wp-json\/wp\/v2\/tags?post=3017"}],"curies":[{"name":"wp","href":"https:\/\/api.w.org\/{rel}","templated":true}]}}