{"id":3065,"date":"2013-06-03T16:22:57","date_gmt":"2013-06-03T14:22:57","guid":{"rendered":"https:\/\/yerelsen.org.tr\/?p=3065"},"modified":"2013-06-03T16:22:57","modified_gmt":"2013-06-03T14:22:57","slug":"karasu-belediyesinde-sozlesme-sevinci","status":"publish","type":"post","link":"https:\/\/yerelsen.org.tr\/index.php\/karasu-belediyesinde-sozlesme-sevinci\/","title":{"rendered":"KARASU BELED\u0130YES\u0130&#8217;NDE S\u00d6ZLE\u015eME SEV\u0130NC\u0130"},"content":{"rendered":"<p style=\"text-align: justify;\">Karasu Belediyesi i\u015f\u00e7ilerinin heyecanla bekledi\u011fi toplu i\u015f s\u00f6zle\u015fmesi m\u00fczakereleri her iki taraf\u0131n da varm\u0131\u015f oldu\u011fu mutabakat sonucunda 23 May\u0131s 2013 tarihinde imza alt\u0131na al\u0131nd\u0131. Karasu Belediyesi\u2019nde i\u015fveren ad\u0131na toplu i\u015f s\u00f6zle\u015fmeleri m\u00fczakerelerini takip eden sendikam\u0131z ile Hizmet \u0130\u015f sendikas\u0131 aras\u0131nda ger\u00e7ekle\u015fen toplu i\u015f s\u00f6zle\u015fmesi toplant\u0131lar\u0131na Karasu Belediye Ba\u015fkan\u0131 Mehmet \u0130SP\u0130RO\u011eLU, ve Belediye Ba\u015fkan Yard\u0131mc\u0131s\u0131 Murat \u00c7EL\u0130K i\u015ftirak ettiler.<\/p>\n<p style=\"text-align: justify;\">Karasu Belediyesi meclis salonunda ger\u00e7ekle\u015ftirilen toplant\u0131da sendikam\u0131z\u0131, Genel Sekreterimiz M\u00fcmtaz Uzun ve sendika uzmanlar\u0131m\u0131z temsil etti. \u0130\u015f\u00e7ileri temsilen Hizmet \u0130\u015f Sendikas\u0131 Sakarya \u015eube Ba\u015fkan\u0131 Fahrettin K\u00fct\u00fck\u00e7\u00fc, Sakarya \u015eube Sekreteri Mehmet Mesut G\u00f6kdemir ve i\u015fyeri temsilcilerinin de haz\u0131r bulundu\u011fu toplant\u0131 sonucunda i\u015f\u00e7i sendikas\u0131n\u0131n 71 maddelik s\u00f6zle\u015fme tasla\u011f\u0131 \u00fczerinden ger\u00e7ekle\u015ftirilen g\u00f6r\u00fc\u015fmelerde idari maddeler ile i\u015f\u00e7i \u00fccretlerine y\u00f6nelik maddeler \u00fczerinde uzla\u015fmaya var\u0131ld\u0131. \u0130mza t\u00f6reni sonras\u0131nda a\u00e7\u0131klamada bulunan Genel Sekreterimiz M\u00fcmtaz Uzun, Karasu Belediyesi\u2019nde yap\u0131lan s\u00f6zle\u015fme sonucunun her iki taraf\u0131 da memnun edecek i\u00e7erikte oldu\u011funu ve yap\u0131lan s\u00f6zle\u015fmenin herkese hay\u0131rl\u0131 olmas\u0131n\u0131 diledi.<\/p>\n","protected":false},"excerpt":{"rendered":"Karasu Belediyesi i\u015f\u00e7ilerinin heyecanla bekledi\u011fi toplu i\u015f s\u00f6zle\u015fmesi m\u00fczakereleri her iki taraf\u0131n da varm\u0131\u015f oldu\u011fu mutabakat sonucunda 23 May\u0131s 2013 [&hellip;]","protected":false},"author":3,"featured_media":3066,"comment_status":"closed","ping_status":"closed","sticky":false,"template":"","format":"standard","meta":{"footnotes":""},"categories":[1,24,25],"tags":[],"class_list":["post-3065","post","type-post","status-publish","format-standard","has-post-thumbnail","hentry","category-haberler","category-sozlesmeler","category-toplantilar"],"_links":{"self":[{"href":"https:\/\/yerelsen.org.tr\/index.php\/wp-json\/wp\/v2\/posts\/3065","targetHints":{"allow":["GET"]}}],"collection":[{"href":"https:\/\/yerelsen.org.tr\/index.php\/wp-json\/wp\/v2\/posts"}],"about":[{"href":"https:\/\/yerelsen.org.tr\/index.php\/wp-json\/wp\/v2\/types\/post"}],"author":[{"embeddable":true,"href":"https:\/\/yerelsen.org.tr\/index.php\/wp-json\/wp\/v2\/users\/3"}],"replies":[{"embeddable":true,"href":"https:\/\/yerelsen.org.tr\/index.php\/wp-json\/wp\/v2\/comments?post=3065"}],"version-history":[{"count":5,"href":"https:\/\/yerelsen.org.tr\/index.php\/wp-json\/wp\/v2\/posts\/3065\/revisions"}],"predecessor-version":[{"id":3072,"href":"https:\/\/yerelsen.org.tr\/index.php\/wp-json\/wp\/v2\/posts\/3065\/revisions\/3072"}],"wp:featuredmedia":[{"embeddable":true,"href":"https:\/\/yerelsen.org.tr\/index.php\/wp-json\/wp\/v2\/media\/3066"}],"wp:attachment":[{"href":"https:\/\/yerelsen.org.tr\/index.php\/wp-json\/wp\/v2\/media?parent=3065"}],"wp:term":[{"taxonomy":"category","embeddable":true,"href":"https:\/\/yerelsen.org.tr\/index.php\/wp-json\/wp\/v2\/categories?post=3065"},{"taxonomy":"post_tag","embeddable":true,"href":"https:\/\/yerelsen.org.tr\/index.php\/wp-json\/wp\/v2\/tags?post=3065"}],"curies":[{"name":"wp","href":"https:\/\/api.w.org\/{rel}","templated":true}]}}