{"id":3111,"date":"2013-06-24T09:11:16","date_gmt":"2013-06-24T07:11:16","guid":{"rendered":"https:\/\/yerelsen.org.tr\/?p=3111"},"modified":"2013-06-24T09:12:37","modified_gmt":"2013-06-24T07:12:37","slug":"izmit-belediyesinde-saglik-is-sozlesmesi-imzalandi","status":"publish","type":"post","link":"https:\/\/yerelsen.org.tr\/index.php\/izmit-belediyesinde-saglik-is-sozlesmesi-imzalandi\/","title":{"rendered":"\u0130ZM\u0130T BELED\u0130YES\u0130\u2019NDE SA\u011eLIK \u0130\u015e S\u00d6ZLE\u015eMES\u0130 \u0130MZALANDI"},"content":{"rendered":"<p style=\"text-align: justify;\">Sendikam\u0131z \u00fcyelerinden \u0130zmit Belediyesi\u2019nde Sa\u011fl\u0131k \u0130\u015f Sendikas\u0131\u2019yla y\u00fcr\u00fct\u00fclen toplu i\u015f s\u00f6zle\u015fmesi g\u00f6r\u00fc\u015fmeleri ba\u015far\u0131yla tamamlad\u0131. \u0130zmit Belediyesi ad\u0131na g\u00f6r\u00fc\u015fmelere kat\u0131lan sendikam\u0131z ile Sa\u011fl\u0131k \u0130\u015f Sendikas\u0131 yetkilileri aras\u0131nda y\u00fcr\u00fct\u00fclen toplu i\u015f s\u00f6zle\u015fmesi g\u00f6r\u00fc\u015fmeleri 20 Haziran 2013 tarihinde \u00a0var\u0131lan mutabakat sonucunda imzaland\u0131.<\/p>\n<p style=\"text-align: justify;\">\u0130zmit Belediyesi Ba\u015fkanl\u0131k Binas\u0131\u2019nda yap\u0131lan t\u00f6rene Genel Sekreterimiz M\u00fcmtaz Uzun, sendika uzmanlar\u0131m\u0131zdan Mete Bilgin, \u0130zmit Belediye Ba\u015fkan\u0131 Nevzat Do\u011fan, belediye y\u00f6neticileri, Sa\u011fl\u0131k \u0130\u015f Sendikas\u0131 Genel Ba\u015fkan\u0131 Hasan \u00d6zt\u00fcrk, Sa\u011fl\u0131k \u0130\u015f Genel Merkez Y\u00f6netim Kurulu \u00fcyesi Halit Kayal\u0131, Sa\u011fl\u0131k \u0130\u015f \u015eube Ba\u015fkan\u0131 B\u00fclent G\u00f6kmen ve sendika y\u00f6neticileri kat\u0131ld\u0131.<\/p>\n<p><b>Birinci Planda Emek<\/b><\/p>\n<p style=\"text-align: justify;\">T\u00f6ren \u00f6ncesi konu\u015fma yapan \u0130zmit Belediye Ba\u015fkan\u0131 Nevzat Do\u011fan, her zaman eme\u011fi birinci planda tuttuklar\u0131n\u0131 ifade ederek \u00e7al\u0131\u015fanlar\u0131n\u0131n maa\u015flar\u0131n\u0131 bir g\u00fcn bile geciktirmeden \u00f6dediklerini s\u00f6yledi.\u00a0 \u201cBizim i\u015f\u00e7imiz daha iyilerine lay\u0131k\u201d ifadesini kullanan Do\u011fan yap\u0131lan s\u00f6zle\u015fmenin t\u00fcm \u0130zmit halk\u0131na hay\u0131rl\u0131 olmas\u0131n\u0131 diledi.<\/p>\n<p style=\"text-align: justify;\">Ba\u015fkan Nevzat Do\u011fan\u2019\u0131n ard\u0131ndan s\u00f6z alan Sa\u011fl\u0131k \u0130\u015f Sendikas\u0131 Genel Ba\u015fkan\u0131 Hasan \u00d6zt\u00fcrk mevcut \u015fartlar g\u00f6z \u00f6n\u00fcne al\u0131nd\u0131\u011f\u0131nda i\u015f\u00e7i menfaatlerini en \u00fcst d\u00fczeyde koruyan bir s\u00f6zle\u015fmenin yap\u0131ld\u0131\u011f\u0131n\u0131 ifade ederek sendikam\u0131za ve eme\u011fi ge\u00e7en herkese te\u015fekk\u00fcr etti.<\/p>\n<p style=\"text-align: justify;\">Sa\u011fl\u0131k \u0130\u015f Sendikas\u0131 Genel Ba\u015fkan\u0131 Hasan \u00d6zt\u00fcrk\u2019\u00fcn konu\u015fmas\u0131ndan sonra s\u00f6z alan Genel Sekreterimiz M\u00fcmtaz Uzun yap\u0131lan s\u00f6zle\u015fmenin her iki taraf\u0131 da memnun edecek bir i\u00e7erikte oldu\u011funu ifade ederek s\u00f6zle\u015fmenin her iki tarafa da hay\u0131rl\u0131 olmas\u0131n\u0131 diledi.<\/p>\n<p style=\"text-align: justify;\">Yap\u0131lan konu\u015fmalardan sonra \u00fc\u00e7 y\u0131l s\u00fcresi olan toplu i\u015f s\u00f6zle\u015fmesi imzalanarak y\u00fcr\u00fcrl\u00fc\u011fe girdi.<\/p>\n<p>&nbsp;<\/p>\n<p>&nbsp;<\/p>\n<p>&nbsp;<\/p>\n<p>&nbsp;<\/p>\n","protected":false},"excerpt":{"rendered":"Sendikam\u0131z \u00fcyelerinden \u0130zmit Belediyesi\u2019nde Sa\u011fl\u0131k \u0130\u015f Sendikas\u0131\u2019yla y\u00fcr\u00fct\u00fclen toplu i\u015f s\u00f6zle\u015fmesi g\u00f6r\u00fc\u015fmeleri ba\u015far\u0131yla tamamlad\u0131. \u0130zmit Belediyesi ad\u0131na g\u00f6r\u00fc\u015fmelere kat\u0131lan sendikam\u0131z [&hellip;]","protected":false},"author":3,"featured_media":3113,"comment_status":"closed","ping_status":"closed","sticky":false,"template":"","format":"standard","meta":{"footnotes":""},"categories":[1,24,25],"tags":[],"class_list":["post-3111","post","type-post","status-publish","format-standard","has-post-thumbnail","hentry","category-haberler","category-sozlesmeler","category-toplantilar"],"_links":{"self":[{"href":"https:\/\/yerelsen.org.tr\/index.php\/wp-json\/wp\/v2\/posts\/3111","targetHints":{"allow":["GET"]}}],"collection":[{"href":"https:\/\/yerelsen.org.tr\/index.php\/wp-json\/wp\/v2\/posts"}],"about":[{"href":"https:\/\/yerelsen.org.tr\/index.php\/wp-json\/wp\/v2\/types\/post"}],"author":[{"embeddable":true,"href":"https:\/\/yerelsen.org.tr\/index.php\/wp-json\/wp\/v2\/users\/3"}],"replies":[{"embeddable":true,"href":"https:\/\/yerelsen.org.tr\/index.php\/wp-json\/wp\/v2\/comments?post=3111"}],"version-history":[{"count":5,"href":"https:\/\/yerelsen.org.tr\/index.php\/wp-json\/wp\/v2\/posts\/3111\/revisions"}],"predecessor-version":[{"id":3118,"href":"https:\/\/yerelsen.org.tr\/index.php\/wp-json\/wp\/v2\/posts\/3111\/revisions\/3118"}],"wp:featuredmedia":[{"embeddable":true,"href":"https:\/\/yerelsen.org.tr\/index.php\/wp-json\/wp\/v2\/media\/3113"}],"wp:attachment":[{"href":"https:\/\/yerelsen.org.tr\/index.php\/wp-json\/wp\/v2\/media?parent=3111"}],"wp:term":[{"taxonomy":"category","embeddable":true,"href":"https:\/\/yerelsen.org.tr\/index.php\/wp-json\/wp\/v2\/categories?post=3111"},{"taxonomy":"post_tag","embeddable":true,"href":"https:\/\/yerelsen.org.tr\/index.php\/wp-json\/wp\/v2\/tags?post=3111"}],"curies":[{"name":"wp","href":"https:\/\/api.w.org\/{rel}","templated":true}]}}