{"id":3170,"date":"2013-07-16T15:52:17","date_gmt":"2013-07-16T13:52:17","guid":{"rendered":"https:\/\/yerelsen.org.tr\/?p=3170"},"modified":"2013-07-16T15:52:17","modified_gmt":"2013-07-16T13:52:17","slug":"sakaryada-gorusmeler-basladi","status":"publish","type":"post","link":"https:\/\/yerelsen.org.tr\/index.php\/sakaryada-gorusmeler-basladi\/","title":{"rendered":"SAKARYA&#8217;DA G\u00d6R\u00dc\u015eMELER BA\u015eLADI"},"content":{"rendered":"<p>Sendikam\u0131z \u00fcyelerinden Sakarya B\u00fcy\u00fck\u015fehir Belediye Ba\u015fkanl\u0131\u011f\u0131, SASK\u0130 Genel M\u00fcd\u00fcrl\u00fc\u011f\u00fc ve BELPA\u015e i\u015fyerlerinde ba\u015flayan toplu i\u015f s\u00f6zle\u015fmesi g\u00f6r\u00fc\u015fmelerinde ilk oturum heyecan\u0131 ya\u015fand\u0131.<\/p>\n<p><a href=\"https:\/\/yerelsen.org.tr\/wp-content\/uploads\/2013\/07\/IMG_7515.jpg\"><img loading=\"lazy\" decoding=\"async\" class=\"aligncenter size-medium wp-image-3174\" alt=\"IMG_7515\" src=\"https:\/\/yerelsen.org.tr\/wp-content\/uploads\/2013\/07\/IMG_7515-620x413.jpg\" width=\"620\" height=\"413\" srcset=\"https:\/\/yerelsen.org.tr\/wp-content\/uploads\/2013\/07\/IMG_7515-620x413.jpg 620w, https:\/\/yerelsen.org.tr\/wp-content\/uploads\/2013\/07\/IMG_7515.jpg 720w\" sizes=\"auto, (max-width: 620px) 100vw, 620px\" \/><\/a><\/p>\n<p style=\"text-align: justify;\">16 Temmuz 2013 tarihinde ba\u015flayan g\u00f6r\u00fc\u015fmelere Sakarya B\u00fcy\u00fck\u015fehir Belediyesi Genel Sekreter Yard\u0131mc\u0131s\u0131 Ayhan Kardan, \u0130nsan Kaynaklar\u0131 Daire Ba\u015fkan\u0131 Murteza Oktar, Saski Genel M\u00fcd\u00fcr Yard\u0131mc\u0131s\u0131 Naci \u0130ris ve \u0130nsan Kaynaklar\u0131 ve Destek Hizmetleri Daire Ba\u015fkan\u0131 Zeki KO\u00c7, Belpa\u015f \u0130nsan Kaynaklar\u0131 M\u00fcd\u00fcr\u00fc \u00a0Murat K\u0131ro\u011flu, sendika Genel Sekreterimiz M\u00fcmtaz Uzun ve sendika uzmanlar\u0131m\u0131z kat\u0131ld\u0131. Yap\u0131lan oturumda, belediye i\u015f\u00e7ilerini temsilen Hizmet-\u0130\u015f Sakarya \u015eube Ba\u015fkan\u0131 Mehmet Mesut G\u00f6kdemir, sendika yetkilileri ve \u00e7ok say\u0131da sendika i\u015fyeri temsilcisi haz\u0131r bulundu.<\/p>\n<p><a href=\"https:\/\/yerelsen.org.tr\/wp-content\/uploads\/2013\/07\/IMG_7512.jpg\"><img loading=\"lazy\" decoding=\"async\" class=\"aligncenter size-medium wp-image-3173\" alt=\"IMG_7512\" src=\"https:\/\/yerelsen.org.tr\/wp-content\/uploads\/2013\/07\/IMG_7512-620x413.jpg\" width=\"620\" height=\"413\" srcset=\"https:\/\/yerelsen.org.tr\/wp-content\/uploads\/2013\/07\/IMG_7512-620x413.jpg 620w, https:\/\/yerelsen.org.tr\/wp-content\/uploads\/2013\/07\/IMG_7512.jpg 720w\" sizes=\"auto, (max-width: 620px) 100vw, 620px\" \/><\/a><\/p>\n<p style=\"text-align: justify;\">\u0130ki taraf aras\u0131nda y\u00fcr\u00fct\u00fclen ilk oturumda idari maddelerin b\u00fcy\u00fck \u00e7o\u011funlu\u011fu \u00fczerinde mutabakat sa\u011fland\u0131. Bir sonraki g\u00f6r\u00fc\u015fme tarihi 18 Temmuz 2013 olarak belirlendi.<\/p>\n","protected":false},"excerpt":{"rendered":"Sendikam\u0131z \u00fcyelerinden Sakarya B\u00fcy\u00fck\u015fehir Belediye Ba\u015fkanl\u0131\u011f\u0131, SASK\u0130 Genel M\u00fcd\u00fcrl\u00fc\u011f\u00fc ve BELPA\u015e i\u015fyerlerinde ba\u015flayan toplu i\u015f s\u00f6zle\u015fmesi g\u00f6r\u00fc\u015fmelerinde ilk oturum heyecan\u0131 [&hellip;]","protected":false},"author":3,"featured_media":3171,"comment_status":"closed","ping_status":"closed","sticky":false,"template":"","format":"standard","meta":{"footnotes":""},"categories":[1,24,25],"tags":[],"class_list":["post-3170","post","type-post","status-publish","format-standard","has-post-thumbnail","hentry","category-haberler","category-sozlesmeler","category-toplantilar"],"_links":{"self":[{"href":"https:\/\/yerelsen.org.tr\/index.php\/wp-json\/wp\/v2\/posts\/3170","targetHints":{"allow":["GET"]}}],"collection":[{"href":"https:\/\/yerelsen.org.tr\/index.php\/wp-json\/wp\/v2\/posts"}],"about":[{"href":"https:\/\/yerelsen.org.tr\/index.php\/wp-json\/wp\/v2\/types\/post"}],"author":[{"embeddable":true,"href":"https:\/\/yerelsen.org.tr\/index.php\/wp-json\/wp\/v2\/users\/3"}],"replies":[{"embeddable":true,"href":"https:\/\/yerelsen.org.tr\/index.php\/wp-json\/wp\/v2\/comments?post=3170"}],"version-history":[{"count":3,"href":"https:\/\/yerelsen.org.tr\/index.php\/wp-json\/wp\/v2\/posts\/3170\/revisions"}],"predecessor-version":[{"id":3177,"href":"https:\/\/yerelsen.org.tr\/index.php\/wp-json\/wp\/v2\/posts\/3170\/revisions\/3177"}],"wp:featuredmedia":[{"embeddable":true,"href":"https:\/\/yerelsen.org.tr\/index.php\/wp-json\/wp\/v2\/media\/3171"}],"wp:attachment":[{"href":"https:\/\/yerelsen.org.tr\/index.php\/wp-json\/wp\/v2\/media?parent=3170"}],"wp:term":[{"taxonomy":"category","embeddable":true,"href":"https:\/\/yerelsen.org.tr\/index.php\/wp-json\/wp\/v2\/categories?post=3170"},{"taxonomy":"post_tag","embeddable":true,"href":"https:\/\/yerelsen.org.tr\/index.php\/wp-json\/wp\/v2\/tags?post=3170"}],"curies":[{"name":"wp","href":"https:\/\/api.w.org\/{rel}","templated":true}]}}