{"id":3327,"date":"2013-08-26T16:28:39","date_gmt":"2013-08-26T14:28:39","guid":{"rendered":"https:\/\/yerelsen.org.tr\/?p=3327"},"modified":"2013-08-26T16:32:16","modified_gmt":"2013-08-26T14:32:16","slug":"kocaeli-buyuksehir-gorusmeleri-basladi","status":"publish","type":"post","link":"https:\/\/yerelsen.org.tr\/index.php\/kocaeli-buyuksehir-gorusmeleri-basladi\/","title":{"rendered":"B\u00dcY\u00dcK\u015eEH\u0130R G\u00d6R\u00dc\u015eMELER\u0130 BA\u015eLADI"},"content":{"rendered":"<p style=\"text-align: justify;\">Sendikam\u0131z \u00fcyelerinden Kocaeli B\u00fcy\u00fck\u015fehir Belediye Ba\u015fkanl\u0131\u011f\u0131 ve \u0130SU Genel M\u00fcd\u00fcrl\u00fc\u011f\u00fc\u2019nde ba\u015flayan toplu i\u015f s\u00f6zle\u015fmesi g\u00f6r\u00fc\u015fmelerinin ba\u015flang\u0131\u00e7 oturumu sendikam\u0131z binas\u0131nda yap\u0131ld\u0131.<\/p>\n<p style=\"text-align: justify;\">26 Temmuz 2013 tarihinde ba\u015flayan g\u00f6r\u00fc\u015fmelere genel sekreterimiz Av. M\u00fcmtaz Uzun ve sendika uzmanlar\u0131m\u0131z\u0131n yan\u0131 s\u0131ra \u00a0B\u00fcy\u00fck\u015fehir Belediyesi \u0130nsan Kaynaklar\u0131 M\u00fcd\u00fcr\u00fc Bayram Bayram, B\u00fcy\u00fck\u015fehir Belediyesi Hukuk M\u00fc\u015faviri Cevat \u00d6ks\u00fcz, B\u00fcy\u00fck\u015fehir Belediyesi Bordro Tahakkuk \u015eube M\u00fcd\u00fcr\u00fc Serpil Korkmaz \u0130SU E\u011fitim ve Destek Hizmetleri Daire ba\u015fkan\u0131 Hasan Fitoz, \u00a0Hizmet \u0130\u015f Sendikas\u0131 Kocaeli \u015eube ba\u015fkan\u0131 \u0130dris Ersoy ve Hizmet \u0130\u015f Sendikas\u0131 y\u00f6netim kurulu \u00fcyeleri kat\u0131ld\u0131.<\/p>\n<p style=\"text-align: justify;\"><a href=\"https:\/\/yerelsen.org.tr\/wp-content\/uploads\/2013\/08\/B\u00dcT\u00dcN-1296-x-864.jpg\"><img loading=\"lazy\" decoding=\"async\" class=\"aligncenter size-medium wp-image-3329\" alt=\"B\u00dcT\u00dcN (1296 x 864)\" src=\"https:\/\/yerelsen.org.tr\/wp-content\/uploads\/2013\/08\/B\u00dcT\u00dcN-1296-x-864-620x413.jpg\" width=\"620\" height=\"413\" srcset=\"https:\/\/yerelsen.org.tr\/wp-content\/uploads\/2013\/08\/B\u00dcT\u00dcN-1296-x-864-620x413.jpg 620w, https:\/\/yerelsen.org.tr\/wp-content\/uploads\/2013\/08\/B\u00dcT\u00dcN-1296-x-864-850x566.jpg 850w, https:\/\/yerelsen.org.tr\/wp-content\/uploads\/2013\/08\/B\u00dcT\u00dcN-1296-x-864.jpg 1296w\" sizes=\"auto, (max-width: 620px) 100vw, 620px\" \/><\/a><\/p>\n<p style=\"text-align: justify;\">Toplant\u0131 ba\u015flang\u0131c\u0131nda k\u0131sa bir a\u00e7\u0131klama yapan B\u00fcy\u00fck\u015fehir Belediyesi \u0130nsan Kaynaklar\u0131 M\u00fcd\u00fcr\u00fc Bayram Bayram, uzun s\u00fcren mahkeme sonucu yetkinin Hizmet \u0130\u015f sendikas\u0131na verildi\u011fine de\u011finerek bu durumun hem \u00e7al\u0131\u015fanlar\u0131na hem de kurum ad\u0131na hay\u0131rl\u0131 olmas\u0131n\u0131 diledi. Sonu\u00e7 olarak herkesin \u00e7al\u0131\u015fanlar\u0131n hakk\u0131n\u0131 vermek i\u00e7in m\u00fccadele etti\u011fine de\u011finen Bayram, uzun s\u00fcren mahkeme s\u00fcrecinde B\u00fcy\u00fck\u015fehir Belediye Ba\u015fkan\u0131 \u0130brahim Karaosmano\u011flu\u2019nun da gerekli hassasiyeti g\u00f6sterdi\u011fini ve ma\u011fduriyet ya\u015fanmamas\u0131 i\u00e7in \u00e7al\u0131\u015fanlara %5 oran\u0131nda gerekli zamm\u0131 yapt\u0131\u011f\u0131n\u0131 ifade etti. G\u00f6r\u00fc\u015fmelerin altm\u0131\u015f g\u00fcn i\u00e7erisinde olumlu y\u00f6nde sonu\u00e7lanmas\u0131 temennisinde bulunan Bayram g\u00f6r\u00fc\u015fmelere katk\u0131 sa\u011flayan herkese te\u015fekk\u00fcr etti.<\/p>\n<p style=\"text-align: justify;\"><b>Masada Bitmesini Umut Ediyoruz<\/b><\/p>\n<p style=\"text-align: justify;\">B\u00fcy\u00fck\u015fehir Belediyesi \u0130nsan Kaynaklar\u0131 M\u00fcd\u00fcr\u00fc Bayram Bayram\u2019\u0131n konu\u015fmas\u0131ndan sonra s\u00f6z alan Hizmet \u0130\u015f Sendikas\u0131 Kocaeli \u015eube ba\u015fkan\u0131 \u0130dris Ersoy yakla\u015f\u0131k iki y\u0131ll\u0131k aradan sonra toplu i\u015f s\u00f6zle\u015fmesi g\u00f6r\u00fc\u015fmelerine ba\u015flad\u0131klar\u0131na de\u011finerek g\u00f6r\u00fc\u015fmelerin b\u00fct\u00fcn i\u015f\u00e7ilere ve \u00e7al\u0131\u015fma hayat\u0131na hay\u0131rl\u0131 olmas\u0131 temennisinde buldu. 2012 y\u0131l\u0131n\u0131n ilk ay\u0131nda ge\u00e7erli olacak toplu i\u015f s\u00f6zle\u015fmesinin Belediye \u0130\u015f Sendikas\u0131\u2019n\u0131n itiraz\u0131 nedeniyle gecikti\u011fini dile getiren Ersoy, Yarg\u0131tay karar\u0131 neticesinde yetkinin Hizmet \u0130\u015f sendikas\u0131na ge\u00e7ti\u011fini belirtti. Yerelsen\u2019le yapt\u0131klar\u0131 s\u00f6zle\u015fmelerin genelde masada bitti\u011fine dikkat \u00e7eken \u0130dris Ersoy bu s\u00f6zle\u015fmenin de masada bitece\u011fi temennisinde bulundu.\u00a0 \u00c7al\u0131\u015fanlar\u0131n aileleri de hesaba kat\u0131ld\u0131\u011f\u0131nda yakla\u015f\u0131k 10 bin ki\u015fiyi ilgilendiren bir s\u00f6zle\u015fme olaca\u011f\u0131na dikkat \u00e7eken Ersoy; s\u00f6zle\u015fmenin Kocaeli\u2019nin ekonomisine, Kocaeli halk\u0131 ve esnaf\u0131na katk\u0131 sa\u011flayaca\u011f\u0131na dikkat \u00e7ekti. \u00c7al\u0131\u015fma hayat\u0131na renk getirecek bir s\u00f6zle\u015fme olaca\u011f\u0131na inand\u0131\u011f\u0131n\u0131 s\u00f6yleyen Ersoy yap\u0131lan s\u00f6zle\u015fme g\u00f6r\u00fc\u015fmelerinin \u015fimdiden herkese hay\u0131rl\u0131 olmas\u0131n\u0131 dileyerek B\u00fcy\u00fck\u015fehir Belediyesi y\u00f6neticilerine ve sendikam\u0131za te\u015fekk\u00fcr etti.<\/p>\n<p style=\"text-align: justify;\"><a href=\"https:\/\/yerelsen.org.tr\/wp-content\/uploads\/2013\/08\/M\u00dcMTAZ-BEY-600-x-400.jpg\"><img loading=\"lazy\" decoding=\"async\" class=\"aligncenter size-full wp-image-3331\" alt=\"M\u00dcMTAZ BEY (600 x 400)\" src=\"https:\/\/yerelsen.org.tr\/wp-content\/uploads\/2013\/08\/M\u00dcMTAZ-BEY-600-x-400.jpg\" width=\"600\" height=\"400\" \/><\/a><\/p>\n<p style=\"text-align: justify;\">B\u00fcy\u00fck\u015fehir ve \u0130su Genel M\u00fcd\u00fcrl\u00fc\u011f\u00fc ad\u0131na a\u00e7\u0131klama yapan genel sekreterimiz M\u00fcmtaz Uzun yap\u0131lacak g\u00f6r\u00fc\u015fmelerin Kocaeli B\u00fcy\u00fck\u015fehir Belediyesi ve \u0130SU Genel M\u00fcd\u00fcrl\u00fc\u011f\u00fc ile koordineli bir \u015fekilde y\u00fcr\u00fct\u00fclece\u011fine dikkat \u00e7ekti. 1 Ocak 2012 tarihinde biten s\u00f6zle\u015fmenin Yerelsen\u2019den kaynaklanmayan nedenlerden dolay\u0131 gecikti\u011fini dile getiren Uzun s\u00f6zle\u015fme ba\u015flang\u0131c\u0131n\u0131n geriye d\u00f6n\u00fck olarak 1 Ocak 2012 tarihinde ba\u015flayaca\u011f\u0131n\u0131 ve al\u0131nacak zamlar\u0131n da bu tarihten itibaren olaca\u011f\u0131n\u0131 dile getirdi. Toplu i\u015f s\u00f6zle\u015fmelerinin s\u00fcreli olmas\u0131ndaki\u00a0amac\u0131n uygulamalarda ya\u015fanan aksakl\u0131klar\u0131n bertaraf edilmesi\u00a0oldu\u011funa de\u011finen\u00a0Uzun\u00a0\u00a0yap\u0131lacak zam\u00a0teklifinin\u00a0belediyenin b\u00fct\u00e7esine oran\u0131nda olaca\u011f\u0131n\u0131 dile getirdi.\u00a0 S\u00f6zle\u015fme s\u00fcresinin 3 y\u0131l olarak teklif edilece\u011fini bildiren genel sekreterimiz yap\u0131lacak g\u00f6r\u00fc\u015fmelerin kar\u015f\u0131l\u0131kl\u0131 anlay\u0131\u015f \u00e7er\u00e7evesinde y\u00fcr\u00fct\u00fclece\u011fine ve s\u00f6zle\u015fmenin masada bitirilece\u011fine inand\u0131\u011f\u0131n\u0131 ifade etti.<\/p>\n<p style=\"text-align: justify;\">\n","protected":false},"excerpt":{"rendered":"Sendikam\u0131z \u00fcyelerinden Kocaeli B\u00fcy\u00fck\u015fehir Belediye Ba\u015fkanl\u0131\u011f\u0131 ve \u0130SU Genel M\u00fcd\u00fcrl\u00fc\u011f\u00fc\u2019nde ba\u015flayan toplu i\u015f s\u00f6zle\u015fmesi g\u00f6r\u00fc\u015fmelerinin ba\u015flang\u0131\u00e7 oturumu sendikam\u0131z binas\u0131nda yap\u0131ld\u0131. [&hellip;]","protected":false},"author":3,"featured_media":3328,"comment_status":"closed","ping_status":"closed","sticky":false,"template":"","format":"standard","meta":{"footnotes":""},"categories":[1,24,25],"tags":[],"class_list":["post-3327","post","type-post","status-publish","format-standard","has-post-thumbnail","hentry","category-haberler","category-sozlesmeler","category-toplantilar"],"_links":{"self":[{"href":"https:\/\/yerelsen.org.tr\/index.php\/wp-json\/wp\/v2\/posts\/3327","targetHints":{"allow":["GET"]}}],"collection":[{"href":"https:\/\/yerelsen.org.tr\/index.php\/wp-json\/wp\/v2\/posts"}],"about":[{"href":"https:\/\/yerelsen.org.tr\/index.php\/wp-json\/wp\/v2\/types\/post"}],"author":[{"embeddable":true,"href":"https:\/\/yerelsen.org.tr\/index.php\/wp-json\/wp\/v2\/users\/3"}],"replies":[{"embeddable":true,"href":"https:\/\/yerelsen.org.tr\/index.php\/wp-json\/wp\/v2\/comments?post=3327"}],"version-history":[{"count":6,"href":"https:\/\/yerelsen.org.tr\/index.php\/wp-json\/wp\/v2\/posts\/3327\/revisions"}],"predecessor-version":[{"id":3335,"href":"https:\/\/yerelsen.org.tr\/index.php\/wp-json\/wp\/v2\/posts\/3327\/revisions\/3335"}],"wp:featuredmedia":[{"embeddable":true,"href":"https:\/\/yerelsen.org.tr\/index.php\/wp-json\/wp\/v2\/media\/3328"}],"wp:attachment":[{"href":"https:\/\/yerelsen.org.tr\/index.php\/wp-json\/wp\/v2\/media?parent=3327"}],"wp:term":[{"taxonomy":"category","embeddable":true,"href":"https:\/\/yerelsen.org.tr\/index.php\/wp-json\/wp\/v2\/categories?post=3327"},{"taxonomy":"post_tag","embeddable":true,"href":"https:\/\/yerelsen.org.tr\/index.php\/wp-json\/wp\/v2\/tags?post=3327"}],"curies":[{"name":"wp","href":"https:\/\/api.w.org\/{rel}","templated":true}]}}