{"id":3426,"date":"2013-10-09T17:12:55","date_gmt":"2013-10-09T15:12:55","guid":{"rendered":"https:\/\/yerelsen.org.tr\/?p=3426"},"modified":"2013-10-09T17:12:55","modified_gmt":"2013-10-09T15:12:55","slug":"sakarya-buyuksehirde-imza-coskusu","status":"publish","type":"post","link":"https:\/\/yerelsen.org.tr\/index.php\/sakarya-buyuksehirde-imza-coskusu\/","title":{"rendered":"SAKARYA B\u00dcY\u00dcK\u015eEH\u0130R&#8217;DE \u0130MZA CO\u015eKUSU"},"content":{"rendered":"<p style=\"text-align: justify;\">Sendikam\u0131z \u00fcyelerinden Sakarya B\u00fcy\u00fck\u015fehir Belediyesi, SASK\u0130 ve BELPA\u015e i\u015fyerinde uygulanmak \u00fczere akdedilecek Toplu \u0130\u015f S\u00f6zle\u015fmesi g\u00f6r\u00fc\u015fmeleri nihayete erdi. Sakarya B\u00fcy\u00fck\u015fehir Belediyesi ad\u0131na g\u00f6r\u00fc\u015fmelere kat\u0131lan sendikam\u0131z ile Hizmet-\u0130\u015f Sendikas\u0131 aras\u0131nda ger\u00e7ekle\u015fen toplu i\u015f s\u00f6zle\u015fmesi 08 Ekim 2013 tarihinde Adapazar\u0131 K\u00fclt\u00fcr Merkezi&#8217;nde (AKM) d\u00fczenlenen t\u00f6renle imza alt\u0131na al\u0131nd\u0131.<\/p>\n<p style=\"text-align: justify;\"><a href=\"https:\/\/yerelsen.org.tr\/wp-content\/uploads\/2013\/10\/YO\u011eUNLUK-1-1296-x-864.jpg\"><img loading=\"lazy\" decoding=\"async\" class=\"aligncenter size-medium wp-image-3428\" alt=\"YO\u011eUNLUK 1 (1296 x 864)\" src=\"https:\/\/yerelsen.org.tr\/wp-content\/uploads\/2013\/10\/YO\u011eUNLUK-1-1296-x-864-620x413.jpg\" width=\"620\" height=\"413\" srcset=\"https:\/\/yerelsen.org.tr\/wp-content\/uploads\/2013\/10\/YO\u011eUNLUK-1-1296-x-864-620x413.jpg 620w, https:\/\/yerelsen.org.tr\/wp-content\/uploads\/2013\/10\/YO\u011eUNLUK-1-1296-x-864-850x566.jpg 850w, https:\/\/yerelsen.org.tr\/wp-content\/uploads\/2013\/10\/YO\u011eUNLUK-1-1296-x-864.jpg 1296w\" sizes=\"auto, (max-width: 620px) 100vw, 620px\" \/><\/a><\/p>\n<p style=\"text-align: justify;\">Kat\u0131l\u0131m\u0131n olduk\u00e7a yo\u011fun oldu\u011fu t\u00f6rene genel ba\u015fkan\u0131m\u0131z ve Sakarya B\u00fcy\u00fck\u015fehir Belediye Ba\u015fkan\u0131 Zeki To\u00e7o\u011flu\u2019nun yan\u0131 s\u0131ra genel sekreterimiz M\u00fcmtaz Uzun, sendika uzmanlar\u0131m\u0131z ve belediye birim amirleri kat\u0131ld\u0131. Hak-\u0130\u015f Genel Ba\u015fkan\u0131 Mahmut Arslan\u2019\u0131n da kat\u0131ld\u0131\u011f\u0131 t\u00f6rene Hizmet-\u0130\u015f sendikas\u0131ndan Hizmet-\u0130\u015f Genel Mali Sekreteri Fahrettin K\u00fct\u00fck\u00e7\u00fc, Hizmet-\u0130\u015f \u015eube Ba\u015fkan\u0131 Mehmet Mesut G\u00f6kdemir ve i\u015fyeri sendika temsilcileri i\u015ftirak etti.<\/p>\n<p style=\"text-align: justify;\"><a href=\"https:\/\/yerelsen.org.tr\/wp-content\/uploads\/2013\/10\/GENEL-BA\u015eKAN-1-1209-x-812.jpg\"><img loading=\"lazy\" decoding=\"async\" class=\"aligncenter size-medium wp-image-3429\" alt=\"GENEL BA\u015eKAN 1 (1209 x 812)\" src=\"https:\/\/yerelsen.org.tr\/wp-content\/uploads\/2013\/10\/GENEL-BA\u015eKAN-1-1209-x-812-620x416.jpg\" width=\"620\" height=\"416\" srcset=\"https:\/\/yerelsen.org.tr\/wp-content\/uploads\/2013\/10\/GENEL-BA\u015eKAN-1-1209-x-812-620x416.jpg 620w, https:\/\/yerelsen.org.tr\/wp-content\/uploads\/2013\/10\/GENEL-BA\u015eKAN-1-1209-x-812-850x570.jpg 850w, https:\/\/yerelsen.org.tr\/wp-content\/uploads\/2013\/10\/GENEL-BA\u015eKAN-1-1209-x-812.jpg 1209w\" sizes=\"auto, (max-width: 620px) 100vw, 620px\" \/><\/a><\/p>\n<p style=\"text-align: justify;\">\u0130mza t\u00f6reni \u00f6ncesinde k\u00fcrs\u00fcye \u00e7\u0131kan genel ba\u015fkan\u0131m\u0131z ve Sakarya B\u00fcy\u00fck\u015fehir Belediye Ba\u015fkan\u0131 Zeki To\u00e7o\u011flu y\u0131llar sonra, herkesin memnuniyetini alarak masada bitirilmi\u015f bir s\u00f6zle\u015fmeyi imzalamaktan mutluluk duydu\u011funu ifade ederek s\u00f6zle\u015fmede g\u00f6sterdikleri ba\u015far\u0131l\u0131 katk\u0131lar\u0131ndan dolay\u0131 Yerelsen\u2019e ve Hizmet-\u0130\u015f ekibine te\u015fekk\u00fcr etti.<\/p>\n<p style=\"text-align: justify;\">Kurumlar ayakta durmazsa \u00e7al\u0131\u015fanlardan da eser kalmayaca\u011f\u0131n\u0131 ifade eden To\u00e7o\u011flu; birinci g\u00f6revlerinin kurumlar\u0131 ayakta tutarak \u00e7al\u0131\u015fanlar\u0131n haklar\u0131n\u0131 \u00f6demek oldu\u011funu s\u00f6yledi. Ba\u015fkan To\u00e7o\u011flu s\u00f6zlerine \u015f\u00f6yle devam etti; \u201c1999 da g\u00f6reve ba\u015flad\u0131\u011f\u0131mda Serdivan Belediyesi\u2019nde 400\u2019e yak\u0131n i\u015f\u00e7imizin be\u015f maa\u015f alaca\u011f\u0131 vard\u0131. Bakkal\u0131n manav\u0131n \u00f6n\u00fcnden ge\u00e7ecek durumda de\u011fillerdi. Sosyal alacaklar\u0131n tamam\u0131 da \u00f6denmemi\u015fti. Adapazar\u0131\u2019nda \u00e7al\u0131\u015fan arkada\u015flar\u0131m\u0131z\u0131n da 13 maa\u015f alacaklar\u0131 vard\u0131. Ama meydanlarda 2300 i\u015f\u00e7i \u00e7al\u0131\u015ft\u0131r\u0131yoruz diye de bang\u0131r bang\u0131r da ba\u011f\u0131r\u0131l\u0131yordu. Tabi bu i\u015f de\u011fil. Biz i\u015fe ba\u015flad\u0131\u011f\u0131m\u0131zdan buyana yakla\u015f\u0131k 15 y\u0131ld\u0131r bir g\u00fcn bile i\u015f\u00e7inin maa\u015f\u0131n\u0131 vermedi\u011fimiz g\u00fcn olmad\u0131.\u201d<\/p>\n<p style=\"text-align: justify;\"><b>Rakip De\u011fil \u00c7al\u0131\u015fma Arkada\u015f\u0131y\u0131z<\/b><\/p>\n<p style=\"text-align: justify;\">Belediye olarak \u00e7al\u0131\u015fanlar\u0131 hi\u00e7bir zaman kendilerine rakip ve has\u0131m g\u00f6rmediklerini dile getiren Zeki To\u00e7o\u011flu; belediye \u00e7al\u0131\u015fanlar\u0131na hitaben s\u00f6zlerine \u015fu \u015fekilde devam etti: \u201cBiz hi\u00e7bir zaman \u00e7al\u0131\u015ft\u0131rd\u0131\u011f\u0131m\u0131z karde\u015flerimizi kendimize rakip veya has\u0131m g\u00f6rmeyiz. Biz \u00e7al\u0131\u015fanlar\u0131m\u0131zla \u00e7al\u0131\u015fma arkada\u015f\u0131y\u0131z.\u00a0 Sizlerin g\u00f6sterdi\u011fi performans bizim ba\u015far\u0131m\u0131z\u0131 ortaya koyar. E\u011fer sizler ba\u015far\u0131l\u0131 bir performans ortaya koymazsan\u0131z bizler de ba\u015far\u0131l\u0131 olamay\u0131z. Dolay\u0131s\u0131yla biz hi\u00e7bir zaman \u00e7al\u0131\u015fanlar\u0131m\u0131z\u0131n \u00e7al\u0131\u015ft\u0131klar\u0131 yerlerde huzursuz bir \u015fekilde \u00e7al\u0131\u015fmas\u0131n\u0131 istemeyiz. Ama \u015furas\u0131n\u0131 unutmay\u0131n ki ben; \u00e7al\u0131\u015ft\u0131rd\u0131\u011f\u0131m 2500 i\u015f\u00e7i arkada\u015f\u0131m\u0131n haklar\u0131n\u0131 muhafaza etmekle sorumlu oldu\u011fum gibi ayn\u0131 zamanda bu \u015fehirde ya\u015fayan 900 bin insan\u0131n da hayat\u0131n\u0131 normal \u015fartlarda devam ettirmesinden sorumluyum. Dolay\u0131s\u0131yla ben bu iki dengeyi kurmak durumunday\u0131m. E\u011fer bu dengeyi kuramazsak bu i\u015fte ba\u015far\u0131l\u0131 olma \u015fans\u0131m\u0131z olmaz.\u201d<\/p>\n<p style=\"text-align: justify;\"><a href=\"https:\/\/yerelsen.org.tr\/wp-content\/uploads\/2013\/10\/MAHMUT-ARSLAN-1-1149-x-842.jpg\"><img loading=\"lazy\" decoding=\"async\" class=\"aligncenter size-medium wp-image-3430\" alt=\"MAHMUT ARSLAN 1 (1149 x 842)\" src=\"https:\/\/yerelsen.org.tr\/wp-content\/uploads\/2013\/10\/MAHMUT-ARSLAN-1-1149-x-842-620x454.jpg\" width=\"620\" height=\"454\" srcset=\"https:\/\/yerelsen.org.tr\/wp-content\/uploads\/2013\/10\/MAHMUT-ARSLAN-1-1149-x-842-620x454.jpg 620w, https:\/\/yerelsen.org.tr\/wp-content\/uploads\/2013\/10\/MAHMUT-ARSLAN-1-1149-x-842-850x622.jpg 850w, https:\/\/yerelsen.org.tr\/wp-content\/uploads\/2013\/10\/MAHMUT-ARSLAN-1-1149-x-842.jpg 1149w\" sizes=\"auto, (max-width: 620px) 100vw, 620px\" \/><\/a><\/p>\n<p style=\"text-align: justify;\">\u00a0T\u00f6rene kat\u0131lan Hak-\u0130\u015f ve Hizmet-\u0130\u015f ad\u0131na kat\u0131lan Hak-\u0130\u015f Genel Ba\u015fkan\u0131 Mahmut Arslan t\u00fcm kat\u0131l\u0131mc\u0131lar\u0131 Hak-\u0130\u015f ve Hizmet-\u0130\u015f ad\u0131na selamlad\u0131ktan sonra s\u00f6zle\u015fmenin masada bitmesi noktas\u0131nda g\u00f6sterdi\u011fi anlay\u0131\u015f ve katk\u0131lar\u0131ndan dolay\u0131 genel ba\u015fkan\u0131m\u0131z Zeki To\u00e7o\u011flu ve Yerelsen ekibine te\u015fekk\u00fcr etti.<\/p>\n<p style=\"text-align: justify;\"><b>\u00d6nemli Olan Rakamlar De\u011fil Uzla\u015fmad\u0131r<\/b><\/p>\n<p style=\"text-align: justify;\">S\u00f6zle\u015fmedeki rakamlara bak\u0131ld\u0131\u011f\u0131nda uzun ve me\u015fakkatli bir s\u00fcrecin ya\u015fand\u0131\u011f\u0131n\u0131 buna ra\u011fmen verimli bir toplu s\u00f6zle\u015fmenin yap\u0131ld\u0131\u011f\u0131n\u0131 s\u00f6yleyen Arslan bu s\u00f6zle\u015fmedeki ba\u015far\u0131n\u0131n herkese ait bir ba\u015far\u0131 oldu\u011funu s\u00f6yledi. B\u00fcy\u00fck\u015fehirlerde \u00fccretli olarak \u00e7al\u0131\u015fman\u0131n zorluklar\u0131na de\u011finen Arslan, toplu i\u015f s\u00f6zle\u015fmesinde al\u0131nacak \u00fccret zamlar\u0131ndan ziyade as\u0131l \u00f6nemli olan\u0131n i\u015fyerinde huzuru ikame edecek bir toplu i\u015f s\u00f6zle\u015fmesinin sonu\u00e7land\u0131r\u0131lmas\u0131 oldu\u011funu vurgulad\u0131. Mahmut Arslan s\u00f6zlerine \u015fu \u015fekilde devam etti; \u201cToplu i\u015f s\u00f6zle\u015fmesinin rakamlar\u0131ndan \u00e7ok uzla\u015fmayla toplu i\u015f s\u00f6zle\u015fmesini bitirmek, \u00e7at\u0131\u015fma olmadan, grev olmadan, birbirimizi k\u0131r\u0131p d\u00f6kmeden s\u00f6zle\u015fmenin masada bitirilmi\u015f olmas\u0131 \u00f6nemlidir. \u0130\u015fimizi ve a\u015f\u0131m\u0131z\u0131 g\u00fcvence alt\u0131na alacak bir toplu i\u015f s\u00f6zle\u015fmesi rakamlar\u0131ndan daha \u00e7ok bu y\u00f6n\u00fcyle \u00f6nemlidir. Ayr\u0131cal\u0131kl\u0131 bir pozisyonda, makul ve kabul edilebilir bir toplu i\u015f s\u00f6zle\u015fmesi ortaya \u00e7\u0131karmak Sakarya a\u00e7\u0131s\u0131ndan da \u00e7ok \u00f6nemlidir.\u201d<\/p>\n<p style=\"text-align: justify;\">Hak-\u0130\u015f mensubu olarak b\u00f6yle bir imza t\u00f6reninde bulunmaktan memnuniyet duydu\u011funu ifade eden Arslan; \u201cHak-\u0130\u015f olarak i\u015fverenlerimizin rakibi de\u011fil orta\u011f\u0131y\u0131z. Sorunlar\u0131m\u0131z\u0131 birlikte \u00e7\u00f6zmeye \u00e7al\u0131\u015f\u0131yor ve birlikte hareket ediyoruz\u201d dedi.<\/p>\n<p style=\"text-align: justify;\"><b>Bizim Oldu\u011fumuz Yerde Kavga \u0130stisnad\u0131r<\/b><\/p>\n<p style=\"text-align: justify;\">T\u00fcrkiye&#8217;de baz\u0131 sendikac\u0131lar\u0131n her \u015feye kar\u015f\u0131 duran bir anlay\u0131\u015fa sahip oldu\u011funa i\u015faret eden Arslan, \u015funlar\u0131 s\u00f6yledi: \u201cB\u00f6yle sendikac\u0131l\u0131k yapmak \u00e7ok kolay. Bunlar, kamuoyunda daha \u00e7ok itibar g\u00f6r\u00fcyor. Maalesef \u00e7al\u0131\u015fma hayat\u0131, b\u00f6yle bir yakla\u015f\u0131ma sahip, bunu k\u0131rmaya \u00e7al\u0131\u015f\u0131yoruz. Bizim oldu\u011fumuz yerde \u00e7at\u0131\u015fma, kavga istisnad\u0131r, esas olan bar\u0131\u015ft\u0131r, uzla\u015fmad\u0131r. Slogan atarak, kavga ederek sendikac\u0131l\u0131\u011f\u0131n b\u00fcy\u00fcmedi\u011fini g\u00f6r\u00fcyoruz.\u201d<\/p>\n<p>Yap\u0131lan konu\u015fmalar\u0131n ard\u0131ndan genel ba\u015fkan\u0131m\u0131z ve Sakarya B\u00fcy\u00fck\u015fehir Belediye Ba\u015fkan\u0131 Zeki To\u00e7o\u011flu ile Hak-\u0130\u015f genel ba\u015fkan\u0131 Mahmut Arslan yakla\u015f\u0131k 500 belediye i\u015f\u00e7isini kapsayan toplu s\u00f6zle\u015fmesini imzalad\u0131.<\/p>\n<p><a href=\"https:\/\/yerelsen.org.tr\/wp-content\/uploads\/2013\/10\/\u0130MZA1-1296-x-864.jpg\"><img loading=\"lazy\" decoding=\"async\" class=\"aligncenter size-medium wp-image-3431\" alt=\"\u0130MZA1 (1296 x 864)\" src=\"https:\/\/yerelsen.org.tr\/wp-content\/uploads\/2013\/10\/\u0130MZA1-1296-x-864-620x413.jpg\" width=\"620\" height=\"413\" srcset=\"https:\/\/yerelsen.org.tr\/wp-content\/uploads\/2013\/10\/\u0130MZA1-1296-x-864-620x413.jpg 620w, https:\/\/yerelsen.org.tr\/wp-content\/uploads\/2013\/10\/\u0130MZA1-1296-x-864-850x566.jpg 850w, https:\/\/yerelsen.org.tr\/wp-content\/uploads\/2013\/10\/\u0130MZA1-1296-x-864.jpg 1296w\" sizes=\"auto, (max-width: 620px) 100vw, 620px\" \/><\/a><\/p>\n<p><a href=\"https:\/\/yerelsen.org.tr\/wp-content\/uploads\/2013\/10\/\u0130MZAA-2-1296-x-864.jpg\"><img loading=\"lazy\" decoding=\"async\" class=\"aligncenter size-medium wp-image-3432\" alt=\"\u0130MZAA 2 (1296 x 864)\" src=\"https:\/\/yerelsen.org.tr\/wp-content\/uploads\/2013\/10\/\u0130MZAA-2-1296-x-864-620x413.jpg\" width=\"620\" height=\"413\" srcset=\"https:\/\/yerelsen.org.tr\/wp-content\/uploads\/2013\/10\/\u0130MZAA-2-1296-x-864-620x413.jpg 620w, https:\/\/yerelsen.org.tr\/wp-content\/uploads\/2013\/10\/\u0130MZAA-2-1296-x-864-850x566.jpg 850w, https:\/\/yerelsen.org.tr\/wp-content\/uploads\/2013\/10\/\u0130MZAA-2-1296-x-864.jpg 1296w\" sizes=\"auto, (max-width: 620px) 100vw, 620px\" \/><\/a><\/p>\n<p><a href=\"https:\/\/yerelsen.org.tr\/wp-content\/uploads\/2013\/10\/PLAKET1-1296-x-864.jpg\"><img loading=\"lazy\" decoding=\"async\" class=\"aligncenter size-medium wp-image-3433\" alt=\"PLAKET1 (1296 x 864)\" src=\"https:\/\/yerelsen.org.tr\/wp-content\/uploads\/2013\/10\/PLAKET1-1296-x-864-620x413.jpg\" width=\"620\" height=\"413\" srcset=\"https:\/\/yerelsen.org.tr\/wp-content\/uploads\/2013\/10\/PLAKET1-1296-x-864-620x413.jpg 620w, https:\/\/yerelsen.org.tr\/wp-content\/uploads\/2013\/10\/PLAKET1-1296-x-864-850x566.jpg 850w, https:\/\/yerelsen.org.tr\/wp-content\/uploads\/2013\/10\/PLAKET1-1296-x-864.jpg 1296w\" sizes=\"auto, (max-width: 620px) 100vw, 620px\" \/><\/a><\/p>\n<p>&nbsp;<\/p>\n<p>&nbsp;<\/p>\n<p>&nbsp;<\/p>\n<p>&nbsp;<\/p>\n","protected":false},"excerpt":{"rendered":"Sendikam\u0131z \u00fcyelerinden Sakarya B\u00fcy\u00fck\u015fehir Belediyesi, SASK\u0130 ve BELPA\u015e i\u015fyerinde uygulanmak \u00fczere akdedilecek Toplu \u0130\u015f S\u00f6zle\u015fmesi g\u00f6r\u00fc\u015fmeleri nihayete erdi. Sakarya B\u00fcy\u00fck\u015fehir [&hellip;]","protected":false},"author":3,"featured_media":3427,"comment_status":"closed","ping_status":"closed","sticky":false,"template":"","format":"standard","meta":{"footnotes":""},"categories":[1,24,25],"tags":[],"class_list":["post-3426","post","type-post","status-publish","format-standard","has-post-thumbnail","hentry","category-haberler","category-sozlesmeler","category-toplantilar"],"_links":{"self":[{"href":"https:\/\/yerelsen.org.tr\/index.php\/wp-json\/wp\/v2\/posts\/3426","targetHints":{"allow":["GET"]}}],"collection":[{"href":"https:\/\/yerelsen.org.tr\/index.php\/wp-json\/wp\/v2\/posts"}],"about":[{"href":"https:\/\/yerelsen.org.tr\/index.php\/wp-json\/wp\/v2\/types\/post"}],"author":[{"embeddable":true,"href":"https:\/\/yerelsen.org.tr\/index.php\/wp-json\/wp\/v2\/users\/3"}],"replies":[{"embeddable":true,"href":"https:\/\/yerelsen.org.tr\/index.php\/wp-json\/wp\/v2\/comments?post=3426"}],"version-history":[{"count":5,"href":"https:\/\/yerelsen.org.tr\/index.php\/wp-json\/wp\/v2\/posts\/3426\/revisions"}],"predecessor-version":[{"id":3438,"href":"https:\/\/yerelsen.org.tr\/index.php\/wp-json\/wp\/v2\/posts\/3426\/revisions\/3438"}],"wp:featuredmedia":[{"embeddable":true,"href":"https:\/\/yerelsen.org.tr\/index.php\/wp-json\/wp\/v2\/media\/3427"}],"wp:attachment":[{"href":"https:\/\/yerelsen.org.tr\/index.php\/wp-json\/wp\/v2\/media?parent=3426"}],"wp:term":[{"taxonomy":"category","embeddable":true,"href":"https:\/\/yerelsen.org.tr\/index.php\/wp-json\/wp\/v2\/categories?post=3426"},{"taxonomy":"post_tag","embeddable":true,"href":"https:\/\/yerelsen.org.tr\/index.php\/wp-json\/wp\/v2\/tags?post=3426"}],"curies":[{"name":"wp","href":"https:\/\/api.w.org\/{rel}","templated":true}]}}