{"id":3459,"date":"2013-11-01T09:03:34","date_gmt":"2013-11-01T07:03:34","guid":{"rendered":"https:\/\/yerelsen.org.tr\/?p=3459"},"modified":"2013-11-01T09:03:34","modified_gmt":"2013-11-01T07:03:34","slug":"afyonda-gorusmeler-basladi","status":"publish","type":"post","link":"https:\/\/yerelsen.org.tr\/index.php\/afyonda-gorusmeler-basladi\/","title":{"rendered":"AFYON&#8217;DA G\u00d6R\u00dc\u015eMELER BA\u015eLADI"},"content":{"rendered":"<p style=\"text-align: justify;\">Sendikam\u0131z \u00fcyelerinden Afyonkarahisar Belediye Ba\u015fkanl\u0131\u011f\u0131\u2019nda ba\u015flayan ve 126 belediye \u00e7al\u0131\u015fan\u0131n\u0131 kapsayan toplu i\u015f s\u00f6zle\u015fmesi g\u00f6r\u00fc\u015fmelerinde ilk oturum heyecan\u0131 ya\u015fand\u0131.<\/p>\n<p style=\"text-align: justify;\">01 Kas\u0131m 2013 tarihinde belediye binas\u0131nda yap\u0131lan g\u00f6r\u00fc\u015fmeye belediye ba\u015fkan yard\u0131mc\u0131s\u0131 Ziya Ar\u0131, \u0130nsan Kaynaklar\u0131 ve E\u011fitim M\u00fcd\u00fcr\u00fc Zafer Tan, genel sekreterimiz M\u00fcmtaz Uzun ve sendika uzmanlar\u0131m\u0131z\u0131n yan\u0131 s\u0131ra Belediye \u0130\u015f sendikas\u0131ndan Belediye \u0130\u015f \u015fube ba\u015fkan\u0131 Y\u00fccel \u015eahin, \u015fube ba\u015fkan yard\u0131mc\u0131s\u0131 Mehmet Selman ve \u015fube sekreteri Bahad\u0131r \u00c7elikkaya kat\u0131ld\u0131.<\/p>\n<p style=\"text-align: justify;\">Daha \u00e7ok idari maddelerin ele al\u0131nd\u0131\u011f\u0131 ilk oturumda 80 maddelik s\u00f6zle\u015fmenin 61 maddesi \u00fczerinde anla\u015fma sa\u011flanarak toplant\u0131n\u0131n ikinci oturumu 28 Kas\u0131m 2013 tarihine ertelendi.<\/p>\n","protected":false},"excerpt":{"rendered":"Sendikam\u0131z \u00fcyelerinden Afyonkarahisar Belediye Ba\u015fkanl\u0131\u011f\u0131\u2019nda ba\u015flayan ve 126 belediye \u00e7al\u0131\u015fan\u0131n\u0131 kapsayan toplu i\u015f s\u00f6zle\u015fmesi g\u00f6r\u00fc\u015fmelerinde ilk oturum heyecan\u0131 ya\u015fand\u0131. 01 [&hellip;]","protected":false},"author":3,"featured_media":3460,"comment_status":"closed","ping_status":"closed","sticky":false,"template":"","format":"standard","meta":{"footnotes":""},"categories":[1,24,25],"tags":[],"class_list":["post-3459","post","type-post","status-publish","format-standard","has-post-thumbnail","hentry","category-haberler","category-sozlesmeler","category-toplantilar"],"_links":{"self":[{"href":"https:\/\/yerelsen.org.tr\/index.php\/wp-json\/wp\/v2\/posts\/3459","targetHints":{"allow":["GET"]}}],"collection":[{"href":"https:\/\/yerelsen.org.tr\/index.php\/wp-json\/wp\/v2\/posts"}],"about":[{"href":"https:\/\/yerelsen.org.tr\/index.php\/wp-json\/wp\/v2\/types\/post"}],"author":[{"embeddable":true,"href":"https:\/\/yerelsen.org.tr\/index.php\/wp-json\/wp\/v2\/users\/3"}],"replies":[{"embeddable":true,"href":"https:\/\/yerelsen.org.tr\/index.php\/wp-json\/wp\/v2\/comments?post=3459"}],"version-history":[{"count":2,"href":"https:\/\/yerelsen.org.tr\/index.php\/wp-json\/wp\/v2\/posts\/3459\/revisions"}],"predecessor-version":[{"id":3462,"href":"https:\/\/yerelsen.org.tr\/index.php\/wp-json\/wp\/v2\/posts\/3459\/revisions\/3462"}],"wp:featuredmedia":[{"embeddable":true,"href":"https:\/\/yerelsen.org.tr\/index.php\/wp-json\/wp\/v2\/media\/3460"}],"wp:attachment":[{"href":"https:\/\/yerelsen.org.tr\/index.php\/wp-json\/wp\/v2\/media?parent=3459"}],"wp:term":[{"taxonomy":"category","embeddable":true,"href":"https:\/\/yerelsen.org.tr\/index.php\/wp-json\/wp\/v2\/categories?post=3459"},{"taxonomy":"post_tag","embeddable":true,"href":"https:\/\/yerelsen.org.tr\/index.php\/wp-json\/wp\/v2\/tags?post=3459"}],"curies":[{"name":"wp","href":"https:\/\/api.w.org\/{rel}","templated":true}]}}