{"id":3526,"date":"2013-12-24T10:21:39","date_gmt":"2013-12-24T08:21:39","guid":{"rendered":"https:\/\/yerelsen.org.tr\/?p=3526"},"modified":"2013-12-24T10:23:17","modified_gmt":"2013-12-24T08:23:17","slug":"gurpinarda-mutlu-son","status":"publish","type":"post","link":"https:\/\/yerelsen.org.tr\/index.php\/gurpinarda-mutlu-son\/","title":{"rendered":"G\u00dcRPINAR&#8217;DA MUTLU SON"},"content":{"rendered":"<p style=\"text-align: justify;\">Sendikam\u0131z \u00fcyelerinden Van\u2019a ba\u011fl\u0131 G\u00fcrp\u0131nar Belediyesi\u2019nde toplu i\u015f s\u00f6zle\u015fmesi g\u00f6r\u00fc\u015fmeleri tamamland\u0131. \u0130lk oturumuna 14 Kas\u0131m 2013 tarihinde ba\u015flanan toplu i\u015f s\u00f6zle\u015fmesi sendikam\u0131z ile G\u00fcrp\u0131nar Belediyesi\u2019nde \u00f6rg\u00fctl\u00fc bulunan Hizmet-\u0130\u015f Sendikas\u0131 aras\u0131nda 15 Aral\u0131k 2013 tarihinde her iki taraf\u0131n varm\u0131\u015f oldu\u011fu mutabakat sonucunda imzaland\u0131.<\/p>\n<p style=\"text-align: justify;\">50 maddeden olu\u015fan ve y\u00fcr\u00fcrl\u00fck s\u00fcresi 3 y\u0131ll\u0131 kapsayan toplu i\u015f s\u00f6zle\u015fmesi G\u00fcrp\u0131nar Belediye Ba\u015fkanl\u0131\u011f\u0131 makam\u0131nda imzaland\u0131. T\u00f6rene sendika Genel Sekreter Yard\u0131mc\u0131m\u0131z Yahya Bilgin ile sendikam\u0131z uzmanlar\u0131ndan Hasan Tenlik kat\u0131ld\u0131. G\u00fcrp\u0131nar Belediye Ba\u015fkan\u0131 Fuat Ya\u015far Atan ile Yaz\u0131 \u0130\u015fleri M\u00fcd\u00fcr\u00fc Nizamettin G\u00fcng\u00f6r\u2019\u00fcn yan\u0131 s\u0131ra belediye \u00e7al\u0131\u015fanlar\u0131n\u0131 temsilen Hizmet-\u0130\u015f Sendikas\u0131\u2019ndan Hizmet-\u0130\u015f Van \u015eube Ba\u015fkan\u0131 Abdullah Efeo\u011flu ve Hizmet-\u0130\u015f Van \u015eube Sekreteri Vedat Akbal da i\u015ftirak etti.<\/p>\n","protected":false},"excerpt":{"rendered":"Sendikam\u0131z \u00fcyelerinden Van\u2019a ba\u011fl\u0131 G\u00fcrp\u0131nar Belediyesi\u2019nde toplu i\u015f s\u00f6zle\u015fmesi g\u00f6r\u00fc\u015fmeleri tamamland\u0131. \u0130lk oturumuna 14 Kas\u0131m 2013 tarihinde ba\u015flanan toplu i\u015f [&hellip;]","protected":false},"author":3,"featured_media":3527,"comment_status":"closed","ping_status":"closed","sticky":false,"template":"","format":"standard","meta":{"footnotes":""},"categories":[1,24,25],"tags":[],"class_list":["post-3526","post","type-post","status-publish","format-standard","has-post-thumbnail","hentry","category-haberler","category-sozlesmeler","category-toplantilar"],"_links":{"self":[{"href":"https:\/\/yerelsen.org.tr\/index.php\/wp-json\/wp\/v2\/posts\/3526","targetHints":{"allow":["GET"]}}],"collection":[{"href":"https:\/\/yerelsen.org.tr\/index.php\/wp-json\/wp\/v2\/posts"}],"about":[{"href":"https:\/\/yerelsen.org.tr\/index.php\/wp-json\/wp\/v2\/types\/post"}],"author":[{"embeddable":true,"href":"https:\/\/yerelsen.org.tr\/index.php\/wp-json\/wp\/v2\/users\/3"}],"replies":[{"embeddable":true,"href":"https:\/\/yerelsen.org.tr\/index.php\/wp-json\/wp\/v2\/comments?post=3526"}],"version-history":[{"count":5,"href":"https:\/\/yerelsen.org.tr\/index.php\/wp-json\/wp\/v2\/posts\/3526\/revisions"}],"predecessor-version":[{"id":3530,"href":"https:\/\/yerelsen.org.tr\/index.php\/wp-json\/wp\/v2\/posts\/3526\/revisions\/3530"}],"wp:featuredmedia":[{"embeddable":true,"href":"https:\/\/yerelsen.org.tr\/index.php\/wp-json\/wp\/v2\/media\/3527"}],"wp:attachment":[{"href":"https:\/\/yerelsen.org.tr\/index.php\/wp-json\/wp\/v2\/media?parent=3526"}],"wp:term":[{"taxonomy":"category","embeddable":true,"href":"https:\/\/yerelsen.org.tr\/index.php\/wp-json\/wp\/v2\/categories?post=3526"},{"taxonomy":"post_tag","embeddable":true,"href":"https:\/\/yerelsen.org.tr\/index.php\/wp-json\/wp\/v2\/tags?post=3526"}],"curies":[{"name":"wp","href":"https:\/\/api.w.org\/{rel}","templated":true}]}}