{"id":3546,"date":"2014-01-08T09:05:28","date_gmt":"2014-01-08T07:05:28","guid":{"rendered":"https:\/\/yerelsen.org.tr\/?p=3546"},"modified":"2014-01-08T09:05:28","modified_gmt":"2014-01-08T07:05:28","slug":"ferizlide-gorusmeler-basladi","status":"publish","type":"post","link":"https:\/\/yerelsen.org.tr\/index.php\/ferizlide-gorusmeler-basladi\/","title":{"rendered":"FER\u0130ZL\u0130\u2019DE G\u00d6R\u00dc\u015eMELER BA\u015eLADI"},"content":{"rendered":"<p><b><\/b><\/p>\n<p style=\"text-align: justify;\">Sendikam\u0131z \u00fcyelerinden Sakarya\u2019ya ba\u011fl\u0131 Ferizli Belediyesi\u2019nde toplu i\u015f s\u00f6zle\u015fmesi g\u00f6r\u00fc\u015fmeleri ba\u015flad\u0131.\u00a0\u00a006 Ocak 2014 tarihinde yap\u0131lan ilk oturum Ferizli Belediye Ba\u015fkanl\u0131\u011f\u0131 Meclis Salonu\u2019nda ger\u00e7ekle\u015ftirildi. G\u00f6r\u00fc\u015fmelere Ferizli Belediyesi\u2019ni temsilen sendikam\u0131z uzmanlar\u0131ndan Hasan Tenlik ve Yahya Bilgin kat\u0131ld\u0131.<\/p>\n<p style=\"text-align: justify;\">Belediye \u0130\u015f Sendikas\u0131 ile Yerelsen aras\u0131nda yap\u0131lan ba\u015flang\u0131\u00e7 oturumu sonucunda Belediye \u0130\u015f Sendikas\u0131 taraf\u0131ndan verilen 61 maddelik teklif tasla\u011f\u0131ndaki sosyal ve idari maddelerden 52\u2019sinin kabul edilmesine kalan 9 maddenin ise bir sonraki oturumda g\u00f6r\u00fc\u015f\u00fclmesi nedeniyle ertelenmesine karar verildi.<\/p>\n","protected":false},"excerpt":{"rendered":"Sendikam\u0131z \u00fcyelerinden Sakarya\u2019ya ba\u011fl\u0131 Ferizli Belediyesi\u2019nde toplu i\u015f s\u00f6zle\u015fmesi g\u00f6r\u00fc\u015fmeleri ba\u015flad\u0131.\u00a0\u00a006 Ocak 2014 tarihinde yap\u0131lan ilk oturum Ferizli Belediye Ba\u015fkanl\u0131\u011f\u0131 [&hellip;]","protected":false},"author":3,"featured_media":3547,"comment_status":"closed","ping_status":"closed","sticky":false,"template":"","format":"standard","meta":{"footnotes":""},"categories":[1,24,25],"tags":[],"class_list":["post-3546","post","type-post","status-publish","format-standard","has-post-thumbnail","hentry","category-haberler","category-sozlesmeler","category-toplantilar"],"_links":{"self":[{"href":"https:\/\/yerelsen.org.tr\/index.php\/wp-json\/wp\/v2\/posts\/3546","targetHints":{"allow":["GET"]}}],"collection":[{"href":"https:\/\/yerelsen.org.tr\/index.php\/wp-json\/wp\/v2\/posts"}],"about":[{"href":"https:\/\/yerelsen.org.tr\/index.php\/wp-json\/wp\/v2\/types\/post"}],"author":[{"embeddable":true,"href":"https:\/\/yerelsen.org.tr\/index.php\/wp-json\/wp\/v2\/users\/3"}],"replies":[{"embeddable":true,"href":"https:\/\/yerelsen.org.tr\/index.php\/wp-json\/wp\/v2\/comments?post=3546"}],"version-history":[{"count":3,"href":"https:\/\/yerelsen.org.tr\/index.php\/wp-json\/wp\/v2\/posts\/3546\/revisions"}],"predecessor-version":[{"id":3550,"href":"https:\/\/yerelsen.org.tr\/index.php\/wp-json\/wp\/v2\/posts\/3546\/revisions\/3550"}],"wp:featuredmedia":[{"embeddable":true,"href":"https:\/\/yerelsen.org.tr\/index.php\/wp-json\/wp\/v2\/media\/3547"}],"wp:attachment":[{"href":"https:\/\/yerelsen.org.tr\/index.php\/wp-json\/wp\/v2\/media?parent=3546"}],"wp:term":[{"taxonomy":"category","embeddable":true,"href":"https:\/\/yerelsen.org.tr\/index.php\/wp-json\/wp\/v2\/categories?post=3546"},{"taxonomy":"post_tag","embeddable":true,"href":"https:\/\/yerelsen.org.tr\/index.php\/wp-json\/wp\/v2\/tags?post=3546"}],"curies":[{"name":"wp","href":"https:\/\/api.w.org\/{rel}","templated":true}]}}