{"id":3552,"date":"2014-01-08T09:22:27","date_gmt":"2014-01-08T07:22:27","guid":{"rendered":"https:\/\/yerelsen.org.tr\/?p=3552"},"modified":"2014-02-12T00:05:02","modified_gmt":"2014-02-11T22:05:02","slug":"kocaalide-ilk-oturum-heyecani","status":"publish","type":"post","link":"https:\/\/yerelsen.org.tr\/index.php\/kocaalide-ilk-oturum-heyecani\/","title":{"rendered":"KOCAAL\u0130\u2019DE \u0130LK OTURUM HEYECANI"},"content":{"rendered":"<p style=\"text-align: justify;\">Sendikam\u0131z \u00fcyelerinden Sakarya\u2019ya ba\u011fl\u0131 Kocaali Belediyesi\u2019nde yap\u0131lacak olan toplu i\u015f s\u00f6zle\u015fmesi g\u00f6r\u00fc\u015fmelerinin ilk oturumu yap\u0131ld\u0131. \u00a008 Ocak 2014 tarihinde yap\u0131lan ilk oturum Kocaali Belediye Ba\u015fkanl\u0131\u011f\u0131 Meclis Salonu\u2019nda ger\u00e7ekle\u015ftirildi. G\u00f6r\u00fc\u015fmelere Kocaali Belediyesi\u2019ni temsilen\u00a0Kocaali Belediyesi Mali Hizmetler M\u00fcd\u00fcr\u00fc Nizamettin Kele\u015f, sendikam\u0131z Genel Sekreteri M\u00fcmtaz Uzun, sendikam\u0131z uzmanlar\u0131ndan Yahya Bilgin, Hasan Tenlik ve Yavuz Alt\u0131n\u0131\u015f\u0131k kat\u0131ld\u0131.<\/p>\n<p style=\"text-align: justify;\">Belediye \u0130\u015f Sendikas\u0131 ile Yerelsen aras\u0131nda ger\u00e7ekle\u015ftirilen ba\u015flang\u0131\u00e7 g\u00f6r\u00fc\u015fmesine Belediye \u0130\u015f sendikas\u0131ndan Belediye \u0130\u015f sendikas\u0131 Bolu \u015fube ba\u015fkan\u0131 Sinan Ay, R\u00fcstem Karaman ve i\u015fyeri temsilcileri kat\u0131ld\u0131. \u00a0Yap\u0131lan g\u00f6r\u00fc\u015fmeler sonucunda Belediye \u0130\u015f Sendikas\u0131 taraf\u0131ndan verilen 77 maddelik teklif tasla\u011f\u0131ndaki 55 maddenin kabul edilmesine, kalan 22 maddenin ise bir sonraki oturumda tekrardan g\u00f6r\u00fc\u015f\u00fclmesi nedeniyle ertelenmesine karar verildi. Bir sonraki oturum ise 30 Ocak 2014 tarihinde ertelendi.<b> <\/b><\/p>\n","protected":false},"excerpt":{"rendered":"Sendikam\u0131z \u00fcyelerinden Sakarya\u2019ya ba\u011fl\u0131 Kocaali Belediyesi\u2019nde yap\u0131lacak olan toplu i\u015f s\u00f6zle\u015fmesi g\u00f6r\u00fc\u015fmelerinin ilk oturumu yap\u0131ld\u0131. \u00a008 Ocak 2014 tarihinde yap\u0131lan [&hellip;]","protected":false},"author":3,"featured_media":3553,"comment_status":"closed","ping_status":"closed","sticky":false,"template":"","format":"standard","meta":{"footnotes":""},"categories":[1,24,25],"tags":[],"class_list":["post-3552","post","type-post","status-publish","format-standard","has-post-thumbnail","hentry","category-haberler","category-sozlesmeler","category-toplantilar"],"_links":{"self":[{"href":"https:\/\/yerelsen.org.tr\/index.php\/wp-json\/wp\/v2\/posts\/3552","targetHints":{"allow":["GET"]}}],"collection":[{"href":"https:\/\/yerelsen.org.tr\/index.php\/wp-json\/wp\/v2\/posts"}],"about":[{"href":"https:\/\/yerelsen.org.tr\/index.php\/wp-json\/wp\/v2\/types\/post"}],"author":[{"embeddable":true,"href":"https:\/\/yerelsen.org.tr\/index.php\/wp-json\/wp\/v2\/users\/3"}],"replies":[{"embeddable":true,"href":"https:\/\/yerelsen.org.tr\/index.php\/wp-json\/wp\/v2\/comments?post=3552"}],"version-history":[{"count":3,"href":"https:\/\/yerelsen.org.tr\/index.php\/wp-json\/wp\/v2\/posts\/3552\/revisions"}],"predecessor-version":[{"id":3781,"href":"https:\/\/yerelsen.org.tr\/index.php\/wp-json\/wp\/v2\/posts\/3552\/revisions\/3781"}],"wp:featuredmedia":[{"embeddable":true,"href":"https:\/\/yerelsen.org.tr\/index.php\/wp-json\/wp\/v2\/media\/3553"}],"wp:attachment":[{"href":"https:\/\/yerelsen.org.tr\/index.php\/wp-json\/wp\/v2\/media?parent=3552"}],"wp:term":[{"taxonomy":"category","embeddable":true,"href":"https:\/\/yerelsen.org.tr\/index.php\/wp-json\/wp\/v2\/categories?post=3552"},{"taxonomy":"post_tag","embeddable":true,"href":"https:\/\/yerelsen.org.tr\/index.php\/wp-json\/wp\/v2\/tags?post=3552"}],"curies":[{"name":"wp","href":"https:\/\/api.w.org\/{rel}","templated":true}]}}