{"id":3565,"date":"2014-01-08T17:56:50","date_gmt":"2014-01-08T15:56:50","guid":{"rendered":"https:\/\/yerelsen.org.tr\/?p=3565"},"modified":"2014-01-08T17:56:50","modified_gmt":"2014-01-08T15:56:50","slug":"kocaeli-buyuksehirde-saglik-is-sozlesmesi-basladi","status":"publish","type":"post","link":"https:\/\/yerelsen.org.tr\/index.php\/kocaeli-buyuksehirde-saglik-is-sozlesmesi-basladi\/","title":{"rendered":"KOCAEL\u0130 B\u00dcY\u00dcK\u015eEH\u0130R&#8217;DE SA\u011eLIK \u0130\u015e S\u00d6ZLE\u015eMES\u0130 BA\u015eLADI"},"content":{"rendered":"<p>Sendikam\u0131z \u00fcyelerinden Kocaeli B\u00fcy\u00fck\u015fehir Belediye Ba\u015fkanl\u0131\u011f\u0131 Sa\u011fl\u0131k ve Sosyal Hizmetler Dairesi Ba\u015fkanl\u0131\u011f\u0131\u2019nda uygulanmak \u00fczere akdedilecek toplu i\u015f s\u00f6zle\u015fmesi g\u00f6r\u00fc\u015fmelerinin ilk oturumu sendikam\u0131z binas\u0131nda ger\u00e7ekle\u015fti.<\/p>\n<p><img loading=\"lazy\" decoding=\"async\" class=\"aligncenter size-medium wp-image-3567\" alt=\"01\" src=\"https:\/\/yerelsen.org.tr\/wp-content\/uploads\/2014\/01\/01-620x412.jpg\" width=\"620\" height=\"412\" srcset=\"https:\/\/yerelsen.org.tr\/wp-content\/uploads\/2014\/01\/01-620x412.jpg 620w, https:\/\/yerelsen.org.tr\/wp-content\/uploads\/2014\/01\/01-850x565.jpg 850w\" sizes=\"auto, (max-width: 620px) 100vw, 620px\" \/><\/p>\n<p>08 Ocak 2014 tarihinde ba\u015flayan g\u00f6r\u00fc\u015fmelere genel sekreterimiz Av. M\u00fcmtaz Uzun ve sendika uzmanlar\u0131m\u0131z\u0131n yan\u0131 s\u0131ra B\u00fcy\u00fck\u015fehir Belediyesi \u0130nsan Kaynaklar\u0131 M\u00fcd\u00fcr\u00fc Bayram Bayram kat\u0131ld\u0131. \u0130\u015f\u00e7i sendikas\u0131ndan ise Sa\u011fl\u0131k \u0130\u015f Genel Ba\u015fkan\u0131 Hasan \u00d6zt\u00fcrk, Hukuk M\u00fc\u015faviri Av. Kadir At\u0131c\u0131, Sa\u011fl\u0131k \u0130\u015f Kocaeli \u015fube ba\u015fkan\u0131 B\u00fclent G\u00f6kmen, Ahmet Suba\u015f\u0131 ve Fad\u0131l \u015eeng\u00fcl i\u015ftirak etti.<\/p>\n<p>65 as\u0131l 2 ge\u00e7ici maddenin g\u00f6r\u00fc\u015f\u00fcld\u00fc\u011f\u00fc oturumda teklif tasla\u011f\u0131ndaki 59 madde \u00fczerinde taraflar aras\u0131nda uzla\u015fma sa\u011fland\u0131. Kalan maddelerin g\u00f6r\u00fc\u015f\u00fclece\u011fi ikinci oturum 06 \u015eubat 2014 tarihine ertelendi.<\/p>\n<p>&nbsp;<\/p>\n","protected":false},"excerpt":{"rendered":"Sendikam\u0131z \u00fcyelerinden Kocaeli B\u00fcy\u00fck\u015fehir Belediye Ba\u015fkanl\u0131\u011f\u0131 Sa\u011fl\u0131k ve Sosyal Hizmetler Dairesi Ba\u015fkanl\u0131\u011f\u0131\u2019nda uygulanmak \u00fczere akdedilecek toplu i\u015f s\u00f6zle\u015fmesi g\u00f6r\u00fc\u015fmelerinin ilk [&hellip;]","protected":false},"author":3,"featured_media":3566,"comment_status":"closed","ping_status":"closed","sticky":false,"template":"","format":"standard","meta":{"footnotes":""},"categories":[1,73,24,25],"tags":[],"class_list":["post-3565","post","type-post","status-publish","format-standard","has-post-thumbnail","hentry","category-haberler","category-bizden-haberler","category-sozlesmeler","category-toplantilar"],"_links":{"self":[{"href":"https:\/\/yerelsen.org.tr\/index.php\/wp-json\/wp\/v2\/posts\/3565","targetHints":{"allow":["GET"]}}],"collection":[{"href":"https:\/\/yerelsen.org.tr\/index.php\/wp-json\/wp\/v2\/posts"}],"about":[{"href":"https:\/\/yerelsen.org.tr\/index.php\/wp-json\/wp\/v2\/types\/post"}],"author":[{"embeddable":true,"href":"https:\/\/yerelsen.org.tr\/index.php\/wp-json\/wp\/v2\/users\/3"}],"replies":[{"embeddable":true,"href":"https:\/\/yerelsen.org.tr\/index.php\/wp-json\/wp\/v2\/comments?post=3565"}],"version-history":[{"count":6,"href":"https:\/\/yerelsen.org.tr\/index.php\/wp-json\/wp\/v2\/posts\/3565\/revisions"}],"predecessor-version":[{"id":3573,"href":"https:\/\/yerelsen.org.tr\/index.php\/wp-json\/wp\/v2\/posts\/3565\/revisions\/3573"}],"wp:featuredmedia":[{"embeddable":true,"href":"https:\/\/yerelsen.org.tr\/index.php\/wp-json\/wp\/v2\/media\/3566"}],"wp:attachment":[{"href":"https:\/\/yerelsen.org.tr\/index.php\/wp-json\/wp\/v2\/media?parent=3565"}],"wp:term":[{"taxonomy":"category","embeddable":true,"href":"https:\/\/yerelsen.org.tr\/index.php\/wp-json\/wp\/v2\/categories?post=3565"},{"taxonomy":"post_tag","embeddable":true,"href":"https:\/\/yerelsen.org.tr\/index.php\/wp-json\/wp\/v2\/tags?post=3565"}],"curies":[{"name":"wp","href":"https:\/\/api.w.org\/{rel}","templated":true}]}}