{"id":3590,"date":"2014-01-09T16:30:28","date_gmt":"2014-01-09T14:30:28","guid":{"rendered":"https:\/\/yerelsen.org.tr\/?p=3590"},"modified":"2014-01-09T16:39:58","modified_gmt":"2014-01-09T14:39:58","slug":"kocaeli-il-ozel-idaresinde-ilk-oturum","status":"publish","type":"post","link":"https:\/\/yerelsen.org.tr\/index.php\/kocaeli-il-ozel-idaresinde-ilk-oturum\/","title":{"rendered":"KOCAEL\u0130 \u0130L \u00d6ZEL \u0130DARES\u0130&#8217;NDE \u0130LK OTURUM"},"content":{"rendered":"<p style=\"text-align: justify;\">Sendikam\u0131z \u00fcyelerinden Kocaeli \u0130l \u00d6zel \u0130daresi\u2019nde uygulanmak \u00fczere akdedilecek toplu i\u015f s\u00f6zle\u015fmesi g\u00f6r\u00fc\u015fmelerinin ilk oturumu ger\u00e7ekle\u015fti. 09 Ocak 2014 tarihinde \u0130l \u00d6zel \u0130daresi toplant\u0131 salonunda ger\u00e7ekle\u015fen oturuma genel sekreterimiz Av. M\u00fcmtaz Uzun, sendika uzmanlar\u0131m\u0131zdan Hasan Tenlik ve Yavuz Alt\u0131n\u0131\u015f\u0131k kat\u0131ld\u0131. Kocaeli \u0130l \u00d6zel \u0130daresi Genel Sekreteri Burhan Eres\u2019in de i\u015ftirak etti\u011fi oturumda genel sekreter yard\u0131mc\u0131s\u0131 \u0130rfan \u00c7akmak, \u0130nsan Kaynaklar\u0131 M\u00fcd\u00fcr\u00fc Kemal Durmu\u015f ve Mali Hizmetler M\u00fcd\u00fcr\u00fc Y\u00fcksel Beld\u00fcz haz\u0131r bulundu.<\/p>\n<p style=\"text-align: justify;\"><a href=\"https:\/\/yerelsen.org.tr\/wp-content\/uploads\/2014\/01\/\u0130L-\u00d6ZEL-2592-x-1560.jpg\"><img loading=\"lazy\" decoding=\"async\" class=\"aligncenter size-medium wp-image-3592\" alt=\"\u0130L \u00d6ZEL (2592 x 1560)\" src=\"https:\/\/yerelsen.org.tr\/wp-content\/uploads\/2014\/01\/\u0130L-\u00d6ZEL-2592-x-1560-620x373.jpg\" width=\"620\" height=\"373\" srcset=\"https:\/\/yerelsen.org.tr\/wp-content\/uploads\/2014\/01\/\u0130L-\u00d6ZEL-2592-x-1560-620x373.jpg 620w, https:\/\/yerelsen.org.tr\/wp-content\/uploads\/2014\/01\/\u0130L-\u00d6ZEL-2592-x-1560-850x511.jpg 850w\" sizes=\"auto, (max-width: 620px) 100vw, 620px\" \/><\/a><\/p>\n<p style=\"text-align: justify;\">Sendikam\u0131z ile Kop \u0130\u015f Sendikas\u0131 aras\u0131nda ger\u00e7ekle\u015fen toplant\u0131ya \u0130l \u00d6zel \u0130daresi \u00e7al\u0131\u015fanlar\u0131n\u0131 temsilen Kop \u0130\u015f Sakarya \u015eube Ba\u015fkan\u0131 \u015eevket Ulusinan , Kop \u0130\u015f Sendikas\u0131 Mali Sekreteri Celal \u00c7obano\u011flu ve sendika temsilcisi At\u0131f Kartal kat\u0131ld\u0131.<\/p>\n<p style=\"text-align: justify;\">Yap\u0131lan toplant\u0131da, i\u015f\u00e7i sendikas\u0131 taraf\u0131ndan sunulan teklif tasla\u011f\u0131ndaki 43 as\u0131l, 2 ge\u00e7ici madde g\u00f6r\u00fc\u015f\u00fcld\u00fc. G\u00f6r\u00fc\u015fme sonunda teklif tasla\u011f\u0131ndaki 35 madde \u00fczerinde anla\u015fma sa\u011flanarak kalan 8 maddenin yeniden g\u00f6r\u00fc\u015f\u00fclmesi\u00a0i\u00e7in 11 \u015eubat 2014 tarihine g\u00fcn verildi..<\/p>\n","protected":false},"excerpt":{"rendered":"Sendikam\u0131z \u00fcyelerinden Kocaeli \u0130l \u00d6zel \u0130daresi\u2019nde uygulanmak \u00fczere akdedilecek toplu i\u015f s\u00f6zle\u015fmesi g\u00f6r\u00fc\u015fmelerinin ilk oturumu ger\u00e7ekle\u015fti. 09 Ocak 2014 tarihinde [&hellip;]","protected":false},"author":3,"featured_media":3591,"comment_status":"closed","ping_status":"closed","sticky":false,"template":"","format":"standard","meta":{"footnotes":""},"categories":[73,24,25],"tags":[],"class_list":["post-3590","post","type-post","status-publish","format-standard","has-post-thumbnail","hentry","category-bizden-haberler","category-sozlesmeler","category-toplantilar"],"_links":{"self":[{"href":"https:\/\/yerelsen.org.tr\/index.php\/wp-json\/wp\/v2\/posts\/3590","targetHints":{"allow":["GET"]}}],"collection":[{"href":"https:\/\/yerelsen.org.tr\/index.php\/wp-json\/wp\/v2\/posts"}],"about":[{"href":"https:\/\/yerelsen.org.tr\/index.php\/wp-json\/wp\/v2\/types\/post"}],"author":[{"embeddable":true,"href":"https:\/\/yerelsen.org.tr\/index.php\/wp-json\/wp\/v2\/users\/3"}],"replies":[{"embeddable":true,"href":"https:\/\/yerelsen.org.tr\/index.php\/wp-json\/wp\/v2\/comments?post=3590"}],"version-history":[{"count":4,"href":"https:\/\/yerelsen.org.tr\/index.php\/wp-json\/wp\/v2\/posts\/3590\/revisions"}],"predecessor-version":[{"id":3595,"href":"https:\/\/yerelsen.org.tr\/index.php\/wp-json\/wp\/v2\/posts\/3590\/revisions\/3595"}],"wp:featuredmedia":[{"embeddable":true,"href":"https:\/\/yerelsen.org.tr\/index.php\/wp-json\/wp\/v2\/media\/3591"}],"wp:attachment":[{"href":"https:\/\/yerelsen.org.tr\/index.php\/wp-json\/wp\/v2\/media?parent=3590"}],"wp:term":[{"taxonomy":"category","embeddable":true,"href":"https:\/\/yerelsen.org.tr\/index.php\/wp-json\/wp\/v2\/categories?post=3590"},{"taxonomy":"post_tag","embeddable":true,"href":"https:\/\/yerelsen.org.tr\/index.php\/wp-json\/wp\/v2\/tags?post=3590"}],"curies":[{"name":"wp","href":"https:\/\/api.w.org\/{rel}","templated":true}]}}