{"id":3597,"date":"2014-01-14T10:05:07","date_gmt":"2014-01-14T08:05:07","guid":{"rendered":"https:\/\/yerelsen.org.tr\/?p=3597"},"modified":"2014-01-28T09:18:57","modified_gmt":"2014-01-28T07:18:57","slug":"sinanoglunda-gorusemler-basladi","status":"publish","type":"post","link":"https:\/\/yerelsen.org.tr\/index.php\/sinanoglunda-gorusemler-basladi\/","title":{"rendered":"S\u0130NANO\u011eLU\u2019NDA G\u00d6R\u00dc\u015eMELER BA\u015eLADI"},"content":{"rendered":"<p style=\"text-align: justify;\">Sendikam\u0131z \u00fcyelerinden Sakarya\u2019ya ba\u011fl\u0131 Sinano\u011flu Belediyesi\u2019nde yap\u0131lacak olan toplu i\u015f s\u00f6zle\u015fmesi g\u00f6r\u00fc\u015fmelerinin ilk oturumu yap\u0131ld\u0131.\u00a0 13 Ocak 2014 tarihinde yap\u0131lan ilk oturum Sinano\u011flu Belediye Ba\u015fkanl\u0131\u011f\u0131\u2019ndaki toplant\u0131 salonunda ger\u00e7ekle\u015ftirildi.<\/p>\n<p style=\"text-align: justify;\">G\u00f6r\u00fc\u015fmelere Sinano\u011flu Belediyesi\u2019ni temsilen sendikam\u0131z uzmanlar\u0131ndan Yahya Bilgin, Hasan Tenlik ve Yavuz Alt\u0131n\u0131\u015f\u0131k kat\u0131ld\u0131. Hizmet \u0130\u015f sendikas\u0131 Sakarya \u015eube Ba\u015fkan\u0131 Mehmet Mesut G\u00f6kdemir ve sendika yetkililerinin de kat\u0131ld\u0131\u011f\u0131 ilk oturumda idari maddelerin bir k\u0131sm\u0131 kabul edildi. Kalan maddelerin g\u00f6r\u00fc\u015f\u00fclmesi ise bir sonraki oturuma ertelendi.<\/p>\n","protected":false},"excerpt":{"rendered":"Sendikam\u0131z \u00fcyelerinden Sakarya\u2019ya ba\u011fl\u0131 Sinano\u011flu Belediyesi\u2019nde yap\u0131lacak olan toplu i\u015f s\u00f6zle\u015fmesi g\u00f6r\u00fc\u015fmelerinin ilk oturumu yap\u0131ld\u0131.\u00a0 13 Ocak 2014 tarihinde yap\u0131lan [&hellip;]","protected":false},"author":3,"featured_media":3598,"comment_status":"closed","ping_status":"closed","sticky":false,"template":"","format":"standard","meta":{"footnotes":""},"categories":[1,24,25],"tags":[],"class_list":["post-3597","post","type-post","status-publish","format-standard","has-post-thumbnail","hentry","category-haberler","category-sozlesmeler","category-toplantilar"],"_links":{"self":[{"href":"https:\/\/yerelsen.org.tr\/index.php\/wp-json\/wp\/v2\/posts\/3597","targetHints":{"allow":["GET"]}}],"collection":[{"href":"https:\/\/yerelsen.org.tr\/index.php\/wp-json\/wp\/v2\/posts"}],"about":[{"href":"https:\/\/yerelsen.org.tr\/index.php\/wp-json\/wp\/v2\/types\/post"}],"author":[{"embeddable":true,"href":"https:\/\/yerelsen.org.tr\/index.php\/wp-json\/wp\/v2\/users\/3"}],"replies":[{"embeddable":true,"href":"https:\/\/yerelsen.org.tr\/index.php\/wp-json\/wp\/v2\/comments?post=3597"}],"version-history":[{"count":4,"href":"https:\/\/yerelsen.org.tr\/index.php\/wp-json\/wp\/v2\/posts\/3597\/revisions"}],"predecessor-version":[{"id":3601,"href":"https:\/\/yerelsen.org.tr\/index.php\/wp-json\/wp\/v2\/posts\/3597\/revisions\/3601"}],"wp:featuredmedia":[{"embeddable":true,"href":"https:\/\/yerelsen.org.tr\/index.php\/wp-json\/wp\/v2\/media\/3598"}],"wp:attachment":[{"href":"https:\/\/yerelsen.org.tr\/index.php\/wp-json\/wp\/v2\/media?parent=3597"}],"wp:term":[{"taxonomy":"category","embeddable":true,"href":"https:\/\/yerelsen.org.tr\/index.php\/wp-json\/wp\/v2\/categories?post=3597"},{"taxonomy":"post_tag","embeddable":true,"href":"https:\/\/yerelsen.org.tr\/index.php\/wp-json\/wp\/v2\/tags?post=3597"}],"curies":[{"name":"wp","href":"https:\/\/api.w.org\/{rel}","templated":true}]}}