{"id":3684,"date":"2014-01-29T14:21:55","date_gmt":"2014-01-29T12:21:55","guid":{"rendered":"https:\/\/yerelsen.org.tr\/?p=3684"},"modified":"2014-01-29T14:21:55","modified_gmt":"2014-01-29T12:21:55","slug":"duzce-belediyesinde-baslangic-oturumu-yapildi","status":"publish","type":"post","link":"https:\/\/yerelsen.org.tr\/index.php\/duzce-belediyesinde-baslangic-oturumu-yapildi\/","title":{"rendered":"D\u00dcZCE BELED\u0130YES\u0130\u2019NDE BA\u015eLANGI\u00c7 OTURUMU YAPILDI"},"content":{"rendered":"<p style=\"text-align: justify;\">Sendikam\u0131z ile Belediye \u0130\u015f sendikas\u0131 aras\u0131nda D\u00fczce Belediyesi \u00e7al\u0131\u015fanlar\u0131n\u0131 ilgilendiren toplu i\u015f s\u00f6zle\u015fmesi g\u00f6r\u00fc\u015fmelerine ba\u015fland\u0131. 17 Ocak 2014 tarihinde ger\u00e7ekle\u015fen ilk oturum D\u00fczce Belediye Ba\u015fkanl\u0131\u011f\u0131\u2019ndaki Meclis Salonu\u2019nda ger\u00e7ekle\u015ftirildi.<\/p>\n<p style=\"text-align: justify;\"><a href=\"https:\/\/yerelsen.org.tr\/wp-content\/uploads\/2014\/01\/img_6504-qpr.jpg\"><img loading=\"lazy\" decoding=\"async\" class=\"aligncenter size-medium wp-image-3686\" alt=\"img_6504-qpr\" src=\"https:\/\/yerelsen.org.tr\/wp-content\/uploads\/2014\/01\/img_6504-qpr-620x412.jpg\" width=\"620\" height=\"412\" srcset=\"https:\/\/yerelsen.org.tr\/wp-content\/uploads\/2014\/01\/img_6504-qpr-620x412.jpg 620w, https:\/\/yerelsen.org.tr\/wp-content\/uploads\/2014\/01\/img_6504-qpr-850x566.jpg 850w, https:\/\/yerelsen.org.tr\/wp-content\/uploads\/2014\/01\/img_6504-qpr.jpg 1024w\" sizes=\"auto, (max-width: 620px) 100vw, 620px\" \/><\/a><\/p>\n<p style=\"text-align: justify;\">Oturum ba\u015flang\u0131c\u0131nda k\u0131sa bir konu\u015fma yapan D\u00fczce Belediye Ba\u015fkan\u0131 \u0130smail Bayram yap\u0131lacak s\u00f6zle\u015fmenin belediye imk\u00e2nlar\u0131 d\u00e2hilinde her iki taraf\u0131n da memnuniyetini kazanacak bir s\u00f6zle\u015fme olmas\u0131 temennisinde bulundu.<\/p>\n<p style=\"text-align: justify;\">G\u00f6r\u00fc\u015fmelere D\u00fczce Belediyesi Ba\u015fkan Yard\u0131mc\u0131lar\u0131ndan \u0130smail Tanyel ve Abdulvahap Demirel ile \u0130nsan Kaynaklar\u0131 ve E\u011fitim M\u00fcd\u00fcr\u00fc \u015eenol Demirin yan\u0131 s\u0131ra sendikam\u0131z genel sekreteri Av. M\u00fcmtaz Uzun, genel sekreter yard\u0131mc\u0131m\u0131z Yahya Bilgin kat\u0131ld\u0131.<\/p>\n<p style=\"text-align: justify;\">Belediye \u0130\u015f Sendikas\u0131 Bolu \u015eube yetkililerinden Erdo\u011fan Kefeli, R\u00fcstem Kahraman, Murat \u015eahin ve i\u015fyeri temsilcilerinin de haz\u0131r bulundu\u011fu ilk oturum sonunda s\u00f6zle\u015fme teklif tasla\u011f\u0131ndaki 79 maddenin 54\u2019\u00fc kabul edildi. Kalan maddelerin g\u00f6r\u00fc\u015f\u00fclmesi ise bir sonraki tarihe ertelendi.<\/p>\n<p style=\"text-align: justify;\"><a href=\"https:\/\/yerelsen.org.tr\/wp-content\/uploads\/2014\/01\/img_6483-qpr.jpg\"><img loading=\"lazy\" decoding=\"async\" class=\"aligncenter size-medium wp-image-3687\" alt=\"img_6483-qpr\" src=\"https:\/\/yerelsen.org.tr\/wp-content\/uploads\/2014\/01\/img_6483-qpr-620x412.jpg\" width=\"620\" height=\"412\" srcset=\"https:\/\/yerelsen.org.tr\/wp-content\/uploads\/2014\/01\/img_6483-qpr-620x412.jpg 620w, https:\/\/yerelsen.org.tr\/wp-content\/uploads\/2014\/01\/img_6483-qpr-850x566.jpg 850w, https:\/\/yerelsen.org.tr\/wp-content\/uploads\/2014\/01\/img_6483-qpr.jpg 1024w\" sizes=\"auto, (max-width: 620px) 100vw, 620px\" \/><\/a><\/p>\n<p style=\"text-align: justify;\">\n","protected":false},"excerpt":{"rendered":"Sendikam\u0131z ile Belediye \u0130\u015f sendikas\u0131 aras\u0131nda D\u00fczce Belediyesi \u00e7al\u0131\u015fanlar\u0131n\u0131 ilgilendiren toplu i\u015f s\u00f6zle\u015fmesi g\u00f6r\u00fc\u015fmelerine ba\u015fland\u0131. 17 Ocak 2014 tarihinde ger\u00e7ekle\u015fen [&hellip;]","protected":false},"author":3,"featured_media":3685,"comment_status":"closed","ping_status":"closed","sticky":false,"template":"","format":"standard","meta":{"footnotes":""},"categories":[1,24,25],"tags":[],"class_list":["post-3684","post","type-post","status-publish","format-standard","has-post-thumbnail","hentry","category-haberler","category-sozlesmeler","category-toplantilar"],"_links":{"self":[{"href":"https:\/\/yerelsen.org.tr\/index.php\/wp-json\/wp\/v2\/posts\/3684","targetHints":{"allow":["GET"]}}],"collection":[{"href":"https:\/\/yerelsen.org.tr\/index.php\/wp-json\/wp\/v2\/posts"}],"about":[{"href":"https:\/\/yerelsen.org.tr\/index.php\/wp-json\/wp\/v2\/types\/post"}],"author":[{"embeddable":true,"href":"https:\/\/yerelsen.org.tr\/index.php\/wp-json\/wp\/v2\/users\/3"}],"replies":[{"embeddable":true,"href":"https:\/\/yerelsen.org.tr\/index.php\/wp-json\/wp\/v2\/comments?post=3684"}],"version-history":[{"count":4,"href":"https:\/\/yerelsen.org.tr\/index.php\/wp-json\/wp\/v2\/posts\/3684\/revisions"}],"predecessor-version":[{"id":3696,"href":"https:\/\/yerelsen.org.tr\/index.php\/wp-json\/wp\/v2\/posts\/3684\/revisions\/3696"}],"wp:featuredmedia":[{"embeddable":true,"href":"https:\/\/yerelsen.org.tr\/index.php\/wp-json\/wp\/v2\/media\/3685"}],"wp:attachment":[{"href":"https:\/\/yerelsen.org.tr\/index.php\/wp-json\/wp\/v2\/media?parent=3684"}],"wp:term":[{"taxonomy":"category","embeddable":true,"href":"https:\/\/yerelsen.org.tr\/index.php\/wp-json\/wp\/v2\/categories?post=3684"},{"taxonomy":"post_tag","embeddable":true,"href":"https:\/\/yerelsen.org.tr\/index.php\/wp-json\/wp\/v2\/tags?post=3684"}],"curies":[{"name":"wp","href":"https:\/\/api.w.org\/{rel}","templated":true}]}}