{"id":3698,"date":"2014-01-29T14:23:15","date_gmt":"2014-01-29T12:23:15","guid":{"rendered":"https:\/\/yerelsen.org.tr\/?p=3698"},"modified":"2014-01-29T14:23:46","modified_gmt":"2014-01-29T12:23:46","slug":"burhaniyede-ilk-oturum-2","status":"publish","type":"post","link":"https:\/\/yerelsen.org.tr\/index.php\/burhaniyede-ilk-oturum-2\/","title":{"rendered":"BURHAN\u0130YE\u2019DE \u0130LK OTURUM"},"content":{"rendered":"<p style=\"text-align: justify;\">Sendikam\u0131z\u0131n yeni \u00fcyelerinden Bal\u0131kesir\u2019e ba\u011fl\u0131 Burhaniye Belediyesi\u2019nde Yerelsen arac\u0131l\u0131\u011f\u0131 ile yap\u0131lan ilk toplu toplu i\u015f s\u00f6zle\u015fmesi g\u00f6r\u00fc\u015fmeleri ba\u015flad\u0131.\u00a0 20 Ocak 2014 tarihinde Yerelsen ile Yerel \u0130\u015f Sendikas\u0131 aras\u0131nda ger\u00e7ekle\u015ftirilen ilk oturum Burhaniye Belediye Ba\u015fkanl\u0131\u011f\u0131 Meclis Salonu\u2019nda ger\u00e7ekle\u015ftirildi.<\/p>\n<p style=\"text-align: justify;\">G\u00f6r\u00fc\u015fmelere Burhaniye Belediyesi\u2019nden Belediye Ba\u015fkan Yard\u0131mc\u0131s\u0131 Levent Acartabak, Mali Hizmetler M\u00fcd\u00fcr\u00fc \u015eakir Akova, \u0130nsan Kaynaklar\u0131 ve E\u011fitim M\u00fcd\u00fcr Vekili Seda Ta\u015fkent ile Av. Ertan \u015eenay\u2019\u0131n \u00a0yan\u0131 s\u0131ra Genel Sekreterimiz M\u00fcmtaz Uzun ve sendikam\u0131z uzmanlar\u0131ndan Yahya Bilgin kat\u0131ld\u0131. \u0130\u015f\u00e7i sendikas\u0131 yetkililerinden Yerel \u0130\u015f Sendikas\u0131 Bal\u0131kesir \u015eube Ba\u015fkan\u0131 Ahmet Arsan ile sendika yetkililerinin de haz\u0131r bulundu\u011fu g\u00f6r\u00fc\u015fme sonunda i\u015f\u00e7i sendikas\u0131 taraf\u0131ndan sunulan s\u00f6zle\u015fme teklif tasla\u011f\u0131ndaki 72 maddelik 47\u2019sinin kabul edilmesine karar verildi. Kalan maddelerin g\u00f6r\u00fc\u015f\u00fclmesi ise taraflar aras\u0131nda belirlenecek ileri bir tarihine ertelendi.<\/p>\n","protected":false},"excerpt":{"rendered":"Sendikam\u0131z\u0131n yeni \u00fcyelerinden Bal\u0131kesir\u2019e ba\u011fl\u0131 Burhaniye Belediyesi\u2019nde Yerelsen arac\u0131l\u0131\u011f\u0131 ile yap\u0131lan ilk toplu toplu i\u015f s\u00f6zle\u015fmesi g\u00f6r\u00fc\u015fmeleri ba\u015flad\u0131.\u00a0 20 Ocak [&hellip;]","protected":false},"author":3,"featured_media":3691,"comment_status":"closed","ping_status":"closed","sticky":false,"template":"","format":"standard","meta":{"footnotes":""},"categories":[1,24,25],"tags":[],"class_list":["post-3698","post","type-post","status-publish","format-standard","has-post-thumbnail","hentry","category-haberler","category-sozlesmeler","category-toplantilar"],"_links":{"self":[{"href":"https:\/\/yerelsen.org.tr\/index.php\/wp-json\/wp\/v2\/posts\/3698","targetHints":{"allow":["GET"]}}],"collection":[{"href":"https:\/\/yerelsen.org.tr\/index.php\/wp-json\/wp\/v2\/posts"}],"about":[{"href":"https:\/\/yerelsen.org.tr\/index.php\/wp-json\/wp\/v2\/types\/post"}],"author":[{"embeddable":true,"href":"https:\/\/yerelsen.org.tr\/index.php\/wp-json\/wp\/v2\/users\/3"}],"replies":[{"embeddable":true,"href":"https:\/\/yerelsen.org.tr\/index.php\/wp-json\/wp\/v2\/comments?post=3698"}],"version-history":[{"count":2,"href":"https:\/\/yerelsen.org.tr\/index.php\/wp-json\/wp\/v2\/posts\/3698\/revisions"}],"predecessor-version":[{"id":3700,"href":"https:\/\/yerelsen.org.tr\/index.php\/wp-json\/wp\/v2\/posts\/3698\/revisions\/3700"}],"wp:featuredmedia":[{"embeddable":true,"href":"https:\/\/yerelsen.org.tr\/index.php\/wp-json\/wp\/v2\/media\/3691"}],"wp:attachment":[{"href":"https:\/\/yerelsen.org.tr\/index.php\/wp-json\/wp\/v2\/media?parent=3698"}],"wp:term":[{"taxonomy":"category","embeddable":true,"href":"https:\/\/yerelsen.org.tr\/index.php\/wp-json\/wp\/v2\/categories?post=3698"},{"taxonomy":"post_tag","embeddable":true,"href":"https:\/\/yerelsen.org.tr\/index.php\/wp-json\/wp\/v2\/tags?post=3698"}],"curies":[{"name":"wp","href":"https:\/\/api.w.org\/{rel}","templated":true}]}}