{"id":3706,"date":"2014-01-29T14:32:19","date_gmt":"2014-01-29T12:32:19","guid":{"rendered":"https:\/\/yerelsen.org.tr\/?p=3706"},"modified":"2014-01-29T14:32:19","modified_gmt":"2014-01-29T12:32:19","slug":"adapazarinda-toplu-sozlesme-basladi-2","status":"publish","type":"post","link":"https:\/\/yerelsen.org.tr\/index.php\/adapazarinda-toplu-sozlesme-basladi-2\/","title":{"rendered":"ADAPAZARI\u2019NDA TOPLU S\u00d6ZLE\u015eME BA\u015eLADI"},"content":{"rendered":"<p style=\"text-align: justify;\">Sendikam\u0131z \u00fcyelerinden Adapazar\u0131 Belediyesi\u2019nde Yerelsen ile Hizmet \u0130\u015f sendikas\u0131 aras\u0131nda 98 belediye \u00e7al\u0131\u015fan\u0131n\u0131 kapsayan toplu i\u015f s\u00f6zle\u015fmesi g\u00f6r\u00fc\u015fmelerinin ilki yap\u0131ld\u0131. 27 Ocak 2014 tarihinde Adapazar\u0131 Belediyesi\u2019nde yap\u0131lan toplant\u0131ya belediyeyi temsilen Genel Sekreterimiz M\u00fcmtaz Uzun ve sendika uzmanlar\u0131m\u0131zdan Yavuz Alt\u0131n\u0131\u015f\u0131k\u2019\u0131n yan\u0131 s\u0131ra \u0130nsan Kaynaklar\u0131 E\u011fitim M\u00fcd\u00fcr\u00fc Ahmet \u00d6ks\u00fczali ile Mali Hizmetler M\u00fcd\u00fcr\u00fc Osman Nuri Eker kat\u0131ld\u0131.<\/p>\n<p style=\"text-align: justify;\">Hizmet \u0130\u015f Sendikas\u0131 Sakarya \u015eube Ba\u015fkan\u0131 Mesut G\u00f6kdemir ve sendika yetkililerinin de haz\u0131r bulundu\u011fu ilk oturuma Adapazar\u0131 Belediye Ba\u015fkan\u0131 S\u00fcleyman Di\u015fli de i\u015ftirak etti. Ba\u015fkan Di\u015fli, yap\u0131lan g\u00f6r\u00fc\u015fmelerden her iki taraf\u0131 da memnun edecek bir sonu\u00e7 \u00e7\u0131kmas\u0131 temennisinde bulundu. Yap\u0131lan ilk oturum sonunda idari maddelerden bir k\u0131sm\u0131 kabul edilerek kalan maddelerin g\u00f6r\u00fc\u015f\u00fclmesi i\u00e7in ileri bir tarihe g\u00fcn verildi.<\/p>\n<p style=\"text-align: justify;\"><a href=\"https:\/\/yerelsen.org.tr\/wp-content\/uploads\/2014\/01\/s\u00f6zle\u015fme-4-839-x-5591.jpg\"><img loading=\"lazy\" decoding=\"async\" class=\"aligncenter size-medium wp-image-3708\" alt=\"s\u00f6zle\u015fme (4) (839 x 559)\" src=\"https:\/\/yerelsen.org.tr\/wp-content\/uploads\/2014\/01\/s\u00f6zle\u015fme-4-839-x-5591-620x413.jpg\" width=\"620\" height=\"413\" srcset=\"https:\/\/yerelsen.org.tr\/wp-content\/uploads\/2014\/01\/s\u00f6zle\u015fme-4-839-x-5591-620x413.jpg 620w, https:\/\/yerelsen.org.tr\/wp-content\/uploads\/2014\/01\/s\u00f6zle\u015fme-4-839-x-5591.jpg 839w\" sizes=\"auto, (max-width: 620px) 100vw, 620px\" \/><\/a><\/p>\n","protected":false},"excerpt":{"rendered":"Sendikam\u0131z \u00fcyelerinden Adapazar\u0131 Belediyesi\u2019nde Yerelsen ile Hizmet \u0130\u015f sendikas\u0131 aras\u0131nda 98 belediye \u00e7al\u0131\u015fan\u0131n\u0131 kapsayan toplu i\u015f s\u00f6zle\u015fmesi g\u00f6r\u00fc\u015fmelerinin ilki yap\u0131ld\u0131. [&hellip;]","protected":false},"author":3,"featured_media":3707,"comment_status":"closed","ping_status":"closed","sticky":false,"template":"","format":"standard","meta":{"footnotes":""},"categories":[1,24,25],"tags":[],"class_list":["post-3706","post","type-post","status-publish","format-standard","has-post-thumbnail","hentry","category-haberler","category-sozlesmeler","category-toplantilar"],"_links":{"self":[{"href":"https:\/\/yerelsen.org.tr\/index.php\/wp-json\/wp\/v2\/posts\/3706","targetHints":{"allow":["GET"]}}],"collection":[{"href":"https:\/\/yerelsen.org.tr\/index.php\/wp-json\/wp\/v2\/posts"}],"about":[{"href":"https:\/\/yerelsen.org.tr\/index.php\/wp-json\/wp\/v2\/types\/post"}],"author":[{"embeddable":true,"href":"https:\/\/yerelsen.org.tr\/index.php\/wp-json\/wp\/v2\/users\/3"}],"replies":[{"embeddable":true,"href":"https:\/\/yerelsen.org.tr\/index.php\/wp-json\/wp\/v2\/comments?post=3706"}],"version-history":[{"count":3,"href":"https:\/\/yerelsen.org.tr\/index.php\/wp-json\/wp\/v2\/posts\/3706\/revisions"}],"predecessor-version":[{"id":3711,"href":"https:\/\/yerelsen.org.tr\/index.php\/wp-json\/wp\/v2\/posts\/3706\/revisions\/3711"}],"wp:featuredmedia":[{"embeddable":true,"href":"https:\/\/yerelsen.org.tr\/index.php\/wp-json\/wp\/v2\/media\/3707"}],"wp:attachment":[{"href":"https:\/\/yerelsen.org.tr\/index.php\/wp-json\/wp\/v2\/media?parent=3706"}],"wp:term":[{"taxonomy":"category","embeddable":true,"href":"https:\/\/yerelsen.org.tr\/index.php\/wp-json\/wp\/v2\/categories?post=3706"},{"taxonomy":"post_tag","embeddable":true,"href":"https:\/\/yerelsen.org.tr\/index.php\/wp-json\/wp\/v2\/tags?post=3706"}],"curies":[{"name":"wp","href":"https:\/\/api.w.org\/{rel}","templated":true}]}}