{"id":3719,"date":"2014-02-03T10:19:32","date_gmt":"2014-02-03T08:19:32","guid":{"rendered":"https:\/\/yerelsen.org.tr\/?p=3719"},"modified":"2014-02-03T10:19:32","modified_gmt":"2014-02-03T08:19:32","slug":"afyonda-sozlesme-tamam","status":"publish","type":"post","link":"https:\/\/yerelsen.org.tr\/index.php\/afyonda-sozlesme-tamam\/","title":{"rendered":"AFYON\u2019DA S\u00d6ZLE\u015eME TAMAM"},"content":{"rendered":"<p style=\"text-align: justify;\">Afyonkarahisar Belediyesi\u2019nde 126 \u00e7al\u0131\u015fan\u0131 ilgilendiren toplu i\u015f s\u00f6zle\u015fmesinde y\u00fczler g\u00fcld\u00fc. Sendikam\u0131z \u00fcyelerinden Afyonkarahisar Belediyesi\u2019nde, i\u015fveren ad\u0131na g\u00f6r\u00fc\u015fmelere kat\u0131lan sendikam\u0131z ile Belediye \u0130\u015f sendikas\u0131 aras\u0131nda yap\u0131lan toplu i\u015f s\u00f6zle\u015fmesi her iki taraf\u0131n da anla\u015fmas\u0131yla masada bitti. 15 Ocak 2014 tarihinde Afyonkarahisar Belediye Ba\u015fkanl\u0131\u011f\u0131nda yap\u0131lan imza t\u00f6renine genel sekreterimiz M\u00fcmtaz Uzun, Genel Sekreter yard\u0131mc\u0131s\u0131 Yahya Bilgin, sendikam\u0131z uzmanlar\u0131ndan Hasan Tenlik ve Yavuz Alt\u0131n\u0131\u015f\u0131k kat\u0131ld\u0131.<\/p>\n<p><a href=\"https:\/\/yerelsen.org.tr\/wp-content\/uploads\/2014\/02\/afyon-2-1547-x-1040.jpg\"><img loading=\"lazy\" decoding=\"async\" class=\"aligncenter size-medium wp-image-3721\" alt=\"afyon 2 (1547 x 1040)\" src=\"https:\/\/yerelsen.org.tr\/wp-content\/uploads\/2014\/02\/afyon-2-1547-x-1040-620x416.jpg\" width=\"620\" height=\"416\" srcset=\"https:\/\/yerelsen.org.tr\/wp-content\/uploads\/2014\/02\/afyon-2-1547-x-1040-620x416.jpg 620w, https:\/\/yerelsen.org.tr\/wp-content\/uploads\/2014\/02\/afyon-2-1547-x-1040-850x571.jpg 850w, https:\/\/yerelsen.org.tr\/wp-content\/uploads\/2014\/02\/afyon-2-1547-x-1040.jpg 1547w\" sizes=\"auto, (max-width: 620px) 100vw, 620px\" \/><\/a><\/p>\n<p style=\"text-align: justify;\">Afyonkarahisar Belediye Ba\u015fkan\u0131 Burhanettin \u00c7oban, Belediye Ba\u015fkan Yard\u0131mc\u0131s\u0131 Ziya Ar\u0131 ve \u0130nsan Kaynaklar\u0131 M\u00fcd\u00fcr\u00fc Zafer Tan\u2019\u0131n da haz\u0131r bulundu\u011fu t\u00f6rene belediye \u00e7al\u0131\u015fanlar\u0131n\u0131 temsilen Belediye \u0130\u015f sendikas\u0131ndan Afyon \u015eube Ba\u015fkan\u0131 Y\u00fccel \u015eahin, \u015eube Ba\u015fkan Yard\u0131mc\u0131s\u0131 Mehmet Selman, \u015eube Sekreteri Bahad\u0131r \u00c7elikkaya ve i\u015fyeri temsilcisi kat\u0131ld\u0131. 77 esas ve 2 ge\u00e7ici maddeden olu\u015fan s\u00f6zle\u015fmenin imzalanmas\u0131 sonras\u0131nda Afyonkarahisar Belediye Ba\u015fkan\u0131 Burhanettin \u00c7oban s\u00f6zle\u015fmenin her iki taraf\u0131n da kabul edece\u011fi bir i\u00e7erikte olmas\u0131ndan b\u00fcy\u00fck memnuniyet duydu\u011funu ifade ederek yapm\u0131\u015f oldu\u011fu \u00e7al\u0131\u015fmalardan dolay\u0131 Yerelsen\u2019e te\u015fekk\u00fcr etti.<\/p>\n<p><a href=\"https:\/\/yerelsen.org.tr\/wp-content\/uploads\/2014\/02\/afyon-6-1710-x-1140.jpg\"><img loading=\"lazy\" decoding=\"async\" class=\"aligncenter size-medium wp-image-3722\" alt=\"afyon 6 (1710 x 1140)\" src=\"https:\/\/yerelsen.org.tr\/wp-content\/uploads\/2014\/02\/afyon-6-1710-x-1140-620x413.jpg\" width=\"620\" height=\"413\" srcset=\"https:\/\/yerelsen.org.tr\/wp-content\/uploads\/2014\/02\/afyon-6-1710-x-1140-620x413.jpg 620w, https:\/\/yerelsen.org.tr\/wp-content\/uploads\/2014\/02\/afyon-6-1710-x-1140-850x566.jpg 850w, https:\/\/yerelsen.org.tr\/wp-content\/uploads\/2014\/02\/afyon-6-1710-x-1140.jpg 1710w\" sizes=\"auto, (max-width: 620px) 100vw, 620px\" \/><\/a><\/p>\n","protected":false},"excerpt":{"rendered":"Afyonkarahisar Belediyesi\u2019nde 126 \u00e7al\u0131\u015fan\u0131 ilgilendiren toplu i\u015f s\u00f6zle\u015fmesinde y\u00fczler g\u00fcld\u00fc. Sendikam\u0131z \u00fcyelerinden Afyonkarahisar Belediyesi\u2019nde, i\u015fveren ad\u0131na g\u00f6r\u00fc\u015fmelere kat\u0131lan sendikam\u0131z ile [&hellip;]","protected":false},"author":3,"featured_media":3720,"comment_status":"closed","ping_status":"closed","sticky":false,"template":"","format":"standard","meta":{"footnotes":""},"categories":[1,24,25],"tags":[],"class_list":["post-3719","post","type-post","status-publish","format-standard","has-post-thumbnail","hentry","category-haberler","category-sozlesmeler","category-toplantilar"],"_links":{"self":[{"href":"https:\/\/yerelsen.org.tr\/index.php\/wp-json\/wp\/v2\/posts\/3719","targetHints":{"allow":["GET"]}}],"collection":[{"href":"https:\/\/yerelsen.org.tr\/index.php\/wp-json\/wp\/v2\/posts"}],"about":[{"href":"https:\/\/yerelsen.org.tr\/index.php\/wp-json\/wp\/v2\/types\/post"}],"author":[{"embeddable":true,"href":"https:\/\/yerelsen.org.tr\/index.php\/wp-json\/wp\/v2\/users\/3"}],"replies":[{"embeddable":true,"href":"https:\/\/yerelsen.org.tr\/index.php\/wp-json\/wp\/v2\/comments?post=3719"}],"version-history":[{"count":3,"href":"https:\/\/yerelsen.org.tr\/index.php\/wp-json\/wp\/v2\/posts\/3719\/revisions"}],"predecessor-version":[{"id":3725,"href":"https:\/\/yerelsen.org.tr\/index.php\/wp-json\/wp\/v2\/posts\/3719\/revisions\/3725"}],"wp:featuredmedia":[{"embeddable":true,"href":"https:\/\/yerelsen.org.tr\/index.php\/wp-json\/wp\/v2\/media\/3720"}],"wp:attachment":[{"href":"https:\/\/yerelsen.org.tr\/index.php\/wp-json\/wp\/v2\/media?parent=3719"}],"wp:term":[{"taxonomy":"category","embeddable":true,"href":"https:\/\/yerelsen.org.tr\/index.php\/wp-json\/wp\/v2\/categories?post=3719"},{"taxonomy":"post_tag","embeddable":true,"href":"https:\/\/yerelsen.org.tr\/index.php\/wp-json\/wp\/v2\/tags?post=3719"}],"curies":[{"name":"wp","href":"https:\/\/api.w.org\/{rel}","templated":true}]}}