{"id":3732,"date":"2014-02-03T13:17:56","date_gmt":"2014-02-03T11:17:56","guid":{"rendered":"https:\/\/yerelsen.org.tr\/?p=3732"},"modified":"2014-02-03T13:17:56","modified_gmt":"2014-02-03T11:17:56","slug":"cinarcikta-imza-sevinci","status":"publish","type":"post","link":"https:\/\/yerelsen.org.tr\/index.php\/cinarcikta-imza-sevinci\/","title":{"rendered":"\u00c7INARCIK\u2019TA \u0130MZA SEV\u0130NC\u0130"},"content":{"rendered":"<p>Yalova\u2019n\u0131n \u015firin il\u00e7elerinden \u00c7\u0131narc\u0131k Belediyesi\u2019nde 71 belediye \u00e7al\u0131\u015fan\u0131n\u0131 ilgilendiren toplu i\u015f s\u00f6zle\u015fmesi masada bitti. \u0130\u015fveren ad\u0131na g\u00f6r\u00fc\u015fmelere kat\u0131lan sendikam\u0131z ile Belediye \u0130\u015f sendikas\u0131 aras\u0131nda yap\u0131lan toplu i\u015f s\u00f6zle\u015fmesi g\u00f6r\u00fc\u015fmeleri 03 \u015eubat 2014 tarihinde kar\u015f\u0131l\u0131kl\u0131 anla\u015fma sonucunda imzaland\u0131. \u0130lk oturumuna 03 Aral\u0131k 2013 tarihinde ba\u015flanan s\u00f6zle\u015fme g\u00f6r\u00fc\u015fmeleri 73 maddelik s\u00f6zle\u015fme metni \u00fczerinden, her iki taraf\u0131n mutabakat\u0131yla sonuca ba\u011fland\u0131. Yap\u0131lan imza toplant\u0131s\u0131na sendikam\u0131z uzmanlar\u0131ndan Hasan Tenlik ve Yavuz Alt\u0131n\u0131\u015f\u0131k kat\u0131ld\u0131.<\/p>\n<p style=\"text-align: justify;\">\u00c7\u0131narc\u0131k Belediye Ba\u015fkan\u0131 Murat Erdo\u011fan ve Mali Hizmetler M\u00fcd\u00fcr\u00fc Seher Co\u015fgun\u2019un da haz\u0131r bulundu\u011fu imza toplant\u0131s\u0131na belediye \u00e7al\u0131\u015fanlar\u0131n\u0131 temsilen Belediye \u0130\u015f sendikas\u0131 Bursa \u015eube Ba\u015fkan\u0131 Abdullah Naci Levent ve sendika temsilcileri kat\u0131ld\u0131. At\u0131lan imza sonras\u0131nda de\u011ferlendirmede bulunan Ba\u015fkan Erdo\u011fan s\u00f6zle\u015fmenin masada bitmesinden memnun olduklar\u0131n\u0131 bildirerek yap\u0131lan s\u00f6zle\u015fmenin \u00c7\u0131narc\u0131k\u2019a ve \u00c7\u0131narc\u0131k Belediyesi \u00e7al\u0131\u015fanlar\u0131na hay\u0131rl\u0131 u\u011furlu olmas\u0131n\u0131 diledi.<\/p>\n","protected":false},"excerpt":{"rendered":"Yalova\u2019n\u0131n \u015firin il\u00e7elerinden \u00c7\u0131narc\u0131k Belediyesi\u2019nde 71 belediye \u00e7al\u0131\u015fan\u0131n\u0131 ilgilendiren toplu i\u015f s\u00f6zle\u015fmesi masada bitti. \u0130\u015fveren ad\u0131na g\u00f6r\u00fc\u015fmelere kat\u0131lan sendikam\u0131z ile [&hellip;]","protected":false},"author":3,"featured_media":3736,"comment_status":"closed","ping_status":"closed","sticky":false,"template":"","format":"standard","meta":{"footnotes":""},"categories":[1,24,25],"tags":[],"class_list":["post-3732","post","type-post","status-publish","format-standard","has-post-thumbnail","hentry","category-haberler","category-sozlesmeler","category-toplantilar"],"_links":{"self":[{"href":"https:\/\/yerelsen.org.tr\/index.php\/wp-json\/wp\/v2\/posts\/3732","targetHints":{"allow":["GET"]}}],"collection":[{"href":"https:\/\/yerelsen.org.tr\/index.php\/wp-json\/wp\/v2\/posts"}],"about":[{"href":"https:\/\/yerelsen.org.tr\/index.php\/wp-json\/wp\/v2\/types\/post"}],"author":[{"embeddable":true,"href":"https:\/\/yerelsen.org.tr\/index.php\/wp-json\/wp\/v2\/users\/3"}],"replies":[{"embeddable":true,"href":"https:\/\/yerelsen.org.tr\/index.php\/wp-json\/wp\/v2\/comments?post=3732"}],"version-history":[{"count":4,"href":"https:\/\/yerelsen.org.tr\/index.php\/wp-json\/wp\/v2\/posts\/3732\/revisions"}],"predecessor-version":[{"id":3738,"href":"https:\/\/yerelsen.org.tr\/index.php\/wp-json\/wp\/v2\/posts\/3732\/revisions\/3738"}],"wp:featuredmedia":[{"embeddable":true,"href":"https:\/\/yerelsen.org.tr\/index.php\/wp-json\/wp\/v2\/media\/3736"}],"wp:attachment":[{"href":"https:\/\/yerelsen.org.tr\/index.php\/wp-json\/wp\/v2\/media?parent=3732"}],"wp:term":[{"taxonomy":"category","embeddable":true,"href":"https:\/\/yerelsen.org.tr\/index.php\/wp-json\/wp\/v2\/categories?post=3732"},{"taxonomy":"post_tag","embeddable":true,"href":"https:\/\/yerelsen.org.tr\/index.php\/wp-json\/wp\/v2\/tags?post=3732"}],"curies":[{"name":"wp","href":"https:\/\/api.w.org\/{rel}","templated":true}]}}