{"id":3749,"date":"2014-02-05T08:33:18","date_gmt":"2014-02-05T06:33:18","guid":{"rendered":"https:\/\/yerelsen.org.tr\/?p=3749"},"modified":"2014-02-05T08:34:19","modified_gmt":"2014-02-05T06:34:19","slug":"derincede-toplu-sozlesme-sevinci","status":"publish","type":"post","link":"https:\/\/yerelsen.org.tr\/index.php\/derincede-toplu-sozlesme-sevinci\/","title":{"rendered":"DER\u0130NCE\u2019DE TOPLU S\u00d6ZLE\u015eME SEV\u0130NC\u0130"},"content":{"rendered":"<p style=\"text-align: justify;\">Sendikam\u0131z \u00fcyelerinden Derince Belediyesi\u2019nde uygulanmak \u00fczere akdedilecek toplu i\u015f s\u00f6zle\u015fmesi g\u00f6r\u00fc\u015fmeleri nihayete erdi. Derince Belediyesi\u2019nde i\u015fveren ad\u0131na g\u00f6r\u00fc\u015fmelere kat\u0131lan sendikam\u0131z ile Hizmet-\u0130\u015f Sendikas\u0131 aras\u0131nda ger\u00e7ekle\u015fen toplu i\u015f s\u00f6zle\u015fmesi 03 \u015eubat 2014 tarihinde Derince Belediyesi\u2019nde d\u00fczenlenen t\u00f6renle imzaland\u0131.<\/p>\n<p style=\"text-align: justify;\"><a href=\"https:\/\/yerelsen.org.tr\/wp-content\/uploads\/2014\/02\/DER\u0130NCE-2-1710-x-855.jpg\"><img loading=\"lazy\" decoding=\"async\" class=\"aligncenter size-medium wp-image-3752\" alt=\"DER\u0130NCE 2 (1710 x 855)\" src=\"https:\/\/yerelsen.org.tr\/wp-content\/uploads\/2014\/02\/DER\u0130NCE-2-1710-x-855-620x310.jpg\" width=\"620\" height=\"310\" srcset=\"https:\/\/yerelsen.org.tr\/wp-content\/uploads\/2014\/02\/DER\u0130NCE-2-1710-x-855-620x310.jpg 620w, https:\/\/yerelsen.org.tr\/wp-content\/uploads\/2014\/02\/DER\u0130NCE-2-1710-x-855-850x425.jpg 850w, https:\/\/yerelsen.org.tr\/wp-content\/uploads\/2014\/02\/DER\u0130NCE-2-1710-x-855.jpg 1710w\" sizes=\"auto, (max-width: 620px) 100vw, 620px\" \/><\/a><\/p>\n<p style=\"text-align: justify;\">Sendikam\u0131z ile Hizmet \u0130\u015f Sendikas\u0131 yetkilileri aras\u0131nda ger\u00e7ekle\u015fen toplu i\u015f s\u00f6zle\u015fmesi imza t\u00f6reninde Derince Belediyesi\u2019ni Belediye Ba\u015fkan\u0131 Dr. Azizi Alemdar ve \u0130nsan Kaynaklar\u0131 M\u00fcd\u00fcr\u00fc H\u00fcseyin Parlak temsil etti. \u0130\u015fveren taraf\u0131nda sendikam\u0131z ad\u0131na Genel Sekreterimiz M\u00fcmtaz Uzun\u2019un yan\u0131 s\u0131ra Genel Sekreter Yard\u0131mc\u0131m\u0131z Yahya Bilgin, sendika uzmanlar\u0131m\u0131zdan Hasan Tenlik ve Yavuz Alt\u0131n\u0131\u015f\u0131k yer ald\u0131.<\/p>\n<p style=\"text-align: justify;\">Derince Belediyesi \u00e7al\u0131\u015fanlar\u0131n\u0131 temsilen Hizmet \u0130\u015f Sendikas\u0131 Kocaeli \u015eube Ba\u015fkan\u0131 \u0130dris Ersoy, y\u00f6netim kurulu \u00fcyelerinden Muharrem Suba\u015f\u0131, \u0130brahim \u00d6zkaraaslan, ba\u015f temsilci \u0130sa Tan ve i\u015fyeri temsilcileri kat\u0131ld\u0131.<\/p>\n<p style=\"text-align: justify;\">T\u00f6ren a\u00e7\u0131l\u0131\u015f\u0131nda s\u00f6z alan Derince Belediye Ba\u015fkan\u0131 Dr. Aziz Alemdar \u201cBelediye ba\u015fkan aday\u0131 olsayd\u0131m ve ba\u015fkanl\u0131\u011fa devam etseydim bu s\u00f6zle\u015fmeyi i\u00e7ime sindirmi\u015f olarak devam ettirirdim. Dolay\u0131s\u0131yla bunun vermi\u015f oldu\u011fu vicdani huzur ve rahatl\u0131kla bu s\u00f6zle\u015fmeyi imzal\u0131yorum. Allah hay\u0131rl\u0131 u\u011furlu etsin\u201d dedi.<\/p>\n<p style=\"text-align: justify;\"><a href=\"https:\/\/yerelsen.org.tr\/wp-content\/uploads\/2014\/02\/DER\u0130NCE-1-1710-x-1140.jpg\"><img loading=\"lazy\" decoding=\"async\" class=\"aligncenter size-medium wp-image-3750\" alt=\"DER\u0130NCE 1 (1710 x 1140)\" src=\"https:\/\/yerelsen.org.tr\/wp-content\/uploads\/2014\/02\/DER\u0130NCE-1-1710-x-1140-620x413.jpg\" width=\"620\" height=\"413\" srcset=\"https:\/\/yerelsen.org.tr\/wp-content\/uploads\/2014\/02\/DER\u0130NCE-1-1710-x-1140-620x413.jpg 620w, https:\/\/yerelsen.org.tr\/wp-content\/uploads\/2014\/02\/DER\u0130NCE-1-1710-x-1140-850x566.jpg 850w, https:\/\/yerelsen.org.tr\/wp-content\/uploads\/2014\/02\/DER\u0130NCE-1-1710-x-1140.jpg 1710w\" sizes=\"auto, (max-width: 620px) 100vw, 620px\" \/><\/a><\/p>\n<p style=\"text-align: justify;\">\n","protected":false},"excerpt":{"rendered":"Sendikam\u0131z \u00fcyelerinden Derince Belediyesi\u2019nde uygulanmak \u00fczere akdedilecek toplu i\u015f s\u00f6zle\u015fmesi g\u00f6r\u00fc\u015fmeleri nihayete erdi. Derince Belediyesi\u2019nde i\u015fveren ad\u0131na g\u00f6r\u00fc\u015fmelere kat\u0131lan sendikam\u0131z [&hellip;]","protected":false},"author":3,"featured_media":3751,"comment_status":"closed","ping_status":"closed","sticky":false,"template":"","format":"standard","meta":{"footnotes":""},"categories":[73,24,25],"tags":[],"class_list":["post-3749","post","type-post","status-publish","format-standard","has-post-thumbnail","hentry","category-bizden-haberler","category-sozlesmeler","category-toplantilar"],"_links":{"self":[{"href":"https:\/\/yerelsen.org.tr\/index.php\/wp-json\/wp\/v2\/posts\/3749","targetHints":{"allow":["GET"]}}],"collection":[{"href":"https:\/\/yerelsen.org.tr\/index.php\/wp-json\/wp\/v2\/posts"}],"about":[{"href":"https:\/\/yerelsen.org.tr\/index.php\/wp-json\/wp\/v2\/types\/post"}],"author":[{"embeddable":true,"href":"https:\/\/yerelsen.org.tr\/index.php\/wp-json\/wp\/v2\/users\/3"}],"replies":[{"embeddable":true,"href":"https:\/\/yerelsen.org.tr\/index.php\/wp-json\/wp\/v2\/comments?post=3749"}],"version-history":[{"count":5,"href":"https:\/\/yerelsen.org.tr\/index.php\/wp-json\/wp\/v2\/posts\/3749\/revisions"}],"predecessor-version":[{"id":3793,"href":"https:\/\/yerelsen.org.tr\/index.php\/wp-json\/wp\/v2\/posts\/3749\/revisions\/3793"}],"wp:featuredmedia":[{"embeddable":true,"href":"https:\/\/yerelsen.org.tr\/index.php\/wp-json\/wp\/v2\/media\/3751"}],"wp:attachment":[{"href":"https:\/\/yerelsen.org.tr\/index.php\/wp-json\/wp\/v2\/media?parent=3749"}],"wp:term":[{"taxonomy":"category","embeddable":true,"href":"https:\/\/yerelsen.org.tr\/index.php\/wp-json\/wp\/v2\/categories?post=3749"},{"taxonomy":"post_tag","embeddable":true,"href":"https:\/\/yerelsen.org.tr\/index.php\/wp-json\/wp\/v2\/tags?post=3749"}],"curies":[{"name":"wp","href":"https:\/\/api.w.org\/{rel}","templated":true}]}}