{"id":3762,"date":"2014-02-07T10:17:37","date_gmt":"2014-02-07T08:17:37","guid":{"rendered":"https:\/\/yerelsen.org.tr\/?p=3762"},"modified":"2014-02-07T10:17:37","modified_gmt":"2014-02-07T08:17:37","slug":"yuregir-belediyesinde-ilk-oturum-yapildi","status":"publish","type":"post","link":"https:\/\/yerelsen.org.tr\/index.php\/yuregir-belediyesinde-ilk-oturum-yapildi\/","title":{"rendered":"Y\u00dcRE\u011e\u0130R BELED\u0130YES\u0130\u2019NDE \u0130LK OTURUM YAPILDI"},"content":{"rendered":"<p style=\"text-align: justify;\">Sendikam\u0131z\u0131n yeni \u00fcyelerinden Adana\u2019ya ba\u011fl\u0131 Y\u00fcre\u011fir Belediyesi\u2019nde Yerelsen arac\u0131l\u0131\u011f\u0131 ile yap\u0131lan ilk toplu toplu i\u015f s\u00f6zle\u015fmesi g\u00f6r\u00fc\u015fmeleri ba\u015flad\u0131.\u00a0 04 \u015eubat 2014 tarihinde Yerelsen ile Hizmet \u0130\u015f Sendikas\u0131 aras\u0131nda ger\u00e7ekle\u015ftirilen ilk oturum Y\u00fcre\u011fir Belediyesi Meclis Salonu\u2019nda ger\u00e7ekle\u015ftirildi.<\/p>\n<p style=\"text-align: justify;\">G\u00f6r\u00fc\u015fmelere Y\u00fcre\u011fir Belediye Ba\u015fkan\u0131 Mahmut \u00c7elikcan, Belediye Ba\u015fkan Yard\u0131mc\u0131s\u0131 Z\u00fclf\u00fc \u00c7elik, Mali Hizmetler M\u00fcd\u00fcr\u00fc Meral \u00c7etin, \u0130nsan Kaynaklar\u0131 ve E\u011fitim M\u00fcd\u00fcr M\u00fcnir C\u0131r\u0131k kat\u0131ld\u0131. \u0130\u015fveren temsilcisi olarak sendikam\u0131z Genel Sekreteri M\u00fcmtaz Uzun, Genel Sekreter Yard\u0131mc\u0131s\u0131 Yahya Bilgin ve sendikam\u0131z uzmanlar\u0131ndan Hasan Tenlik\u2019in yan\u0131 s\u0131ra i\u015f\u00e7i sendikas\u0131 yetkililerinden Hizmet \u0130\u015f Adana \u015eube Ba\u015fkan\u0131 Abdurrahman Y\u00fccel ile sendika yetkilileri haz\u0131r bulundu. Toplant\u0131 ba\u015flang\u0131c\u0131nda a\u00e7\u0131klama yapan ba\u015fkan Mahmut \u00c7elikcan, \u00e7al\u0131\u015fanlar\u0131n huzur i\u00e7erisinde g\u00f6revlerini yapt\u0131klar\u0131n\u0131 belirterek, bundan sonra da herkesin ayn\u0131 ortamda g\u00f6revlerini s\u00fcrd\u00fcrece\u011fini kaydetti. Toplu i\u015f s\u00f6zle\u015fmesi g\u00f6r\u00fc\u015fmelerinin daha \u00f6nce oldu\u011fu gibi bundan sonra da huzur i\u00e7erisinde sorunsuz \u015fekilde tamamlanaca\u011f\u0131n\u0131 ifade eden \u00c7elikcan, \u00f6nceliklerinin i\u015f\u00e7ilerin maa\u015flar\u0131 oldu\u011funu, belediye \u00e7al\u0131\u015fanlar\u0131na belediye imk\u00e2nlar\u0131 \u00f6l\u00e7\u00fcs\u00fcnde g\u00fcn\u00fcn ger\u00e7eklerini yans\u0131tan \u00fccretler verilece\u011fini s\u00f6yledi.<\/p>\n<p style=\"text-align: justify;\">\u00a0Yap\u0131lan g\u00f6r\u00fc\u015fme sonunda i\u015f\u00e7i sendikas\u0131 taraf\u0131ndan sunulan 69 maddelik s\u00f6zle\u015fme teklif tasla\u011f\u0131ndaki 12 maddenin kabul edilmesine karar verildi. Kalan maddelerin g\u00f6r\u00fc\u015f\u00fclmesi 04 Mart 2014 tarihine ertelendi.<\/p>\n<p style=\"text-align: justify;\"><a href=\"https:\/\/yerelsen.org.tr\/wp-content\/uploads\/2014\/02\/DSC_0028-1061-x-704.jpg\"><img loading=\"lazy\" decoding=\"async\" class=\"aligncenter size-medium wp-image-3764\" alt=\"DSC_0028 (1061 x 704)\" src=\"https:\/\/yerelsen.org.tr\/wp-content\/uploads\/2014\/02\/DSC_0028-1061-x-704-620x411.jpg\" width=\"620\" height=\"411\" srcset=\"https:\/\/yerelsen.org.tr\/wp-content\/uploads\/2014\/02\/DSC_0028-1061-x-704-620x411.jpg 620w, https:\/\/yerelsen.org.tr\/wp-content\/uploads\/2014\/02\/DSC_0028-1061-x-704-850x563.jpg 850w, https:\/\/yerelsen.org.tr\/wp-content\/uploads\/2014\/02\/DSC_0028-1061-x-704.jpg 1061w\" sizes=\"auto, (max-width: 620px) 100vw, 620px\" \/><\/a><\/p>\n","protected":false},"excerpt":{"rendered":"Sendikam\u0131z\u0131n yeni \u00fcyelerinden Adana\u2019ya ba\u011fl\u0131 Y\u00fcre\u011fir Belediyesi\u2019nde Yerelsen arac\u0131l\u0131\u011f\u0131 ile yap\u0131lan ilk toplu toplu i\u015f s\u00f6zle\u015fmesi g\u00f6r\u00fc\u015fmeleri ba\u015flad\u0131.\u00a0 04 \u015eubat [&hellip;]","protected":false},"author":3,"featured_media":3763,"comment_status":"closed","ping_status":"closed","sticky":false,"template":"","format":"standard","meta":{"footnotes":""},"categories":[1,24,25],"tags":[],"class_list":["post-3762","post","type-post","status-publish","format-standard","has-post-thumbnail","hentry","category-haberler","category-sozlesmeler","category-toplantilar"],"_links":{"self":[{"href":"https:\/\/yerelsen.org.tr\/index.php\/wp-json\/wp\/v2\/posts\/3762","targetHints":{"allow":["GET"]}}],"collection":[{"href":"https:\/\/yerelsen.org.tr\/index.php\/wp-json\/wp\/v2\/posts"}],"about":[{"href":"https:\/\/yerelsen.org.tr\/index.php\/wp-json\/wp\/v2\/types\/post"}],"author":[{"embeddable":true,"href":"https:\/\/yerelsen.org.tr\/index.php\/wp-json\/wp\/v2\/users\/3"}],"replies":[{"embeddable":true,"href":"https:\/\/yerelsen.org.tr\/index.php\/wp-json\/wp\/v2\/comments?post=3762"}],"version-history":[{"count":2,"href":"https:\/\/yerelsen.org.tr\/index.php\/wp-json\/wp\/v2\/posts\/3762\/revisions"}],"predecessor-version":[{"id":3766,"href":"https:\/\/yerelsen.org.tr\/index.php\/wp-json\/wp\/v2\/posts\/3762\/revisions\/3766"}],"wp:featuredmedia":[{"embeddable":true,"href":"https:\/\/yerelsen.org.tr\/index.php\/wp-json\/wp\/v2\/media\/3763"}],"wp:attachment":[{"href":"https:\/\/yerelsen.org.tr\/index.php\/wp-json\/wp\/v2\/media?parent=3762"}],"wp:term":[{"taxonomy":"category","embeddable":true,"href":"https:\/\/yerelsen.org.tr\/index.php\/wp-json\/wp\/v2\/categories?post=3762"},{"taxonomy":"post_tag","embeddable":true,"href":"https:\/\/yerelsen.org.tr\/index.php\/wp-json\/wp\/v2\/tags?post=3762"}],"curies":[{"name":"wp","href":"https:\/\/api.w.org\/{rel}","templated":true}]}}