{"id":3772,"date":"2014-02-10T23:30:47","date_gmt":"2014-02-10T21:30:47","guid":{"rendered":"https:\/\/yerelsen.org.tr\/?p=3772"},"modified":"2014-02-10T23:30:47","modified_gmt":"2014-02-10T21:30:47","slug":"findikli-belediyesinde-ilk-oturum","status":"publish","type":"post","link":"https:\/\/yerelsen.org.tr\/index.php\/findikli-belediyesinde-ilk-oturum\/","title":{"rendered":"FINDIKLI BELED\u0130YES\u0130\u2019NDE \u0130LK OTURUM"},"content":{"rendered":"<p style=\"text-align: justify;\">\u00a0Yeni \u00fcyelerimizden Rize\u2019ye ba\u011fl\u0131 F\u0131nd\u0131kl\u0131 Belediyesi\u2019nde i\u015fveren vekili olarak sendikam\u0131z arac\u0131l\u0131\u011f\u0131 ile ilk toplu i\u015f s\u00f6zle\u015fmesi g\u00f6r\u00fc\u015fmesi yap\u0131ld\u0131. 10 \u015eubat 2014 tarihinde Yerelsen ile F\u0131nd\u0131kl\u0131 Belediyesi\u2019nde \u00f6rg\u00fctl\u00fc olan Belediye \u0130\u015f Sendikas\u0131 aras\u0131nda yap\u0131lan ilk oturum F\u0131nd\u0131kl\u0131 Belediyesi\u2019nde ger\u00e7ekle\u015ftirildi.<\/p>\n<p style=\"text-align: justify;\">Toplant\u0131 \u00f6ncesi makam\u0131nda ziyaret edilen F\u0131nd\u0131kl\u0131 Belediye Ba\u015fkan\u0131 Adnan \u00d6zbalaban\u2019la yap\u0131lan \u00f6n g\u00f6r\u00fc\u015fme sonras\u0131 toplu i\u015f s\u00f6zle\u015fmesi g\u00f6r\u00fc\u015fmesine ge\u00e7ildi. Toplu i\u015f s\u00f6zle\u015fmesi g\u00f6r\u00fc\u015fmesine F\u0131nd\u0131kl\u0131 Belediyesi\u2019nden Yaz\u0131 \u0130\u015fleri M\u00fcd\u00fcr\u00fc Mehmet Ert\u00f6ren ve Mali Hizmetler M\u00fcd\u00fcr\u00fc Feyzi \u00d6zg\u00fcm\u00fc\u015f kat\u0131ld\u0131. \u0130\u015fveren vekili olarak sendikam\u0131z uzmanlar\u0131ndan Hasan Tenlik ve Yavuz Alt\u0131n\u0131\u015f\u0131k\u2019\u0131n da haz\u0131r bulundu\u011fu toplant\u0131ya belediye \u00e7al\u0131\u015fanlar\u0131n\u0131 temsilen Belediye \u0130\u015f Sendikas\u0131ndan Trabzon \u015eube Ba\u015fkan\u0131 Numan \u00d6zt\u00fcrk, sendika yetkilileri ve \u00e7ok say\u0131da belediye \u00e7al\u0131\u015fan\u0131 kat\u0131ld\u0131.<\/p>\n<p style=\"text-align: justify;\">Yap\u0131lan ilk oturum sonras\u0131nda i\u015f\u00e7i sendikas\u0131n\u0131n 44 maddelik teklif tasla\u011f\u0131ndaki idari maddelerden 37 maddenin kabul\u00fcne karar verilirken kalan maddelerin g\u00f6r\u00fc\u015f\u00fclmesi ise ileri bir tarihe ertelendi.<\/p>\n<p style=\"text-align: justify;\"><a href=\"https:\/\/yerelsen.org.tr\/wp-content\/uploads\/2014\/02\/FINDIKLI-TOPLU-1710-x-665.jpg\"><img loading=\"lazy\" decoding=\"async\" class=\"aligncenter size-medium wp-image-3774\" alt=\"FINDIKLI TOPLU (1710 x 665)\" src=\"https:\/\/yerelsen.org.tr\/wp-content\/uploads\/2014\/02\/FINDIKLI-TOPLU-1710-x-665-620x241.jpg\" width=\"620\" height=\"241\" srcset=\"https:\/\/yerelsen.org.tr\/wp-content\/uploads\/2014\/02\/FINDIKLI-TOPLU-1710-x-665-620x241.jpg 620w, https:\/\/yerelsen.org.tr\/wp-content\/uploads\/2014\/02\/FINDIKLI-TOPLU-1710-x-665-850x330.jpg 850w, https:\/\/yerelsen.org.tr\/wp-content\/uploads\/2014\/02\/FINDIKLI-TOPLU-1710-x-665.jpg 1710w\" sizes=\"auto, (max-width: 620px) 100vw, 620px\" \/><\/a><\/p>\n","protected":false},"excerpt":{"rendered":"\u00a0Yeni \u00fcyelerimizden Rize\u2019ye ba\u011fl\u0131 F\u0131nd\u0131kl\u0131 Belediyesi\u2019nde i\u015fveren vekili olarak sendikam\u0131z arac\u0131l\u0131\u011f\u0131 ile ilk toplu i\u015f s\u00f6zle\u015fmesi g\u00f6r\u00fc\u015fmesi yap\u0131ld\u0131. 10 \u015eubat [&hellip;]","protected":false},"author":3,"featured_media":3773,"comment_status":"closed","ping_status":"closed","sticky":false,"template":"","format":"standard","meta":{"footnotes":""},"categories":[1,24,25],"tags":[],"class_list":["post-3772","post","type-post","status-publish","format-standard","has-post-thumbnail","hentry","category-haberler","category-sozlesmeler","category-toplantilar"],"_links":{"self":[{"href":"https:\/\/yerelsen.org.tr\/index.php\/wp-json\/wp\/v2\/posts\/3772","targetHints":{"allow":["GET"]}}],"collection":[{"href":"https:\/\/yerelsen.org.tr\/index.php\/wp-json\/wp\/v2\/posts"}],"about":[{"href":"https:\/\/yerelsen.org.tr\/index.php\/wp-json\/wp\/v2\/types\/post"}],"author":[{"embeddable":true,"href":"https:\/\/yerelsen.org.tr\/index.php\/wp-json\/wp\/v2\/users\/3"}],"replies":[{"embeddable":true,"href":"https:\/\/yerelsen.org.tr\/index.php\/wp-json\/wp\/v2\/comments?post=3772"}],"version-history":[{"count":2,"href":"https:\/\/yerelsen.org.tr\/index.php\/wp-json\/wp\/v2\/posts\/3772\/revisions"}],"predecessor-version":[{"id":3776,"href":"https:\/\/yerelsen.org.tr\/index.php\/wp-json\/wp\/v2\/posts\/3772\/revisions\/3776"}],"wp:featuredmedia":[{"embeddable":true,"href":"https:\/\/yerelsen.org.tr\/index.php\/wp-json\/wp\/v2\/media\/3773"}],"wp:attachment":[{"href":"https:\/\/yerelsen.org.tr\/index.php\/wp-json\/wp\/v2\/media?parent=3772"}],"wp:term":[{"taxonomy":"category","embeddable":true,"href":"https:\/\/yerelsen.org.tr\/index.php\/wp-json\/wp\/v2\/categories?post=3772"},{"taxonomy":"post_tag","embeddable":true,"href":"https:\/\/yerelsen.org.tr\/index.php\/wp-json\/wp\/v2\/tags?post=3772"}],"curies":[{"name":"wp","href":"https:\/\/api.w.org\/{rel}","templated":true}]}}