{"id":3786,"date":"2014-02-21T10:43:28","date_gmt":"2014-02-21T08:43:28","guid":{"rendered":"https:\/\/yerelsen.org.tr\/?p=3786"},"modified":"2014-02-21T10:43:28","modified_gmt":"2014-02-21T08:43:28","slug":"serdivanda-gorusmeler-devam-ediyor","status":"publish","type":"post","link":"https:\/\/yerelsen.org.tr\/index.php\/serdivanda-gorusmeler-devam-ediyor\/","title":{"rendered":"SERD\u0130VAN\u2019DA G\u00d6R\u00dc\u015eMELER DEVAM ED\u0130YOR"},"content":{"rendered":"<p>Sendikam\u0131z \u00fcyelerinden Sakarya\u2019ya ba\u011fl\u0131 Serdivan Belediyesi\u2019nde akdedilecek toplu s\u00f6zle\u015fme g\u00f6r\u00fc\u015fmeleri devam ediyor.<\/p>\n<p style=\"text-align: justify;\">Sendikam\u0131z ile Hizmet \u0130\u015f Sendikas\u0131 yetkilileri aras\u0131nda ilk oturumu 07 \u015eubat 2014 tarihinde ger\u00e7ekle\u015fen toplu i\u015f s\u00f6zle\u015fmesi g\u00f6r\u00fc\u015fmelerinin ikinci oturumuna 17 \u015eubat 2014 tarihinde Serdivan Belediyesi\u2019nde devam edildi. Oturuma Serdivan Belediyesi\u2019ni temsilen Genel Sekreterimiz Av. M\u00fcmtaz Uzun, sendikam\u0131z uzmanlar\u0131ndan Yahya Bilgin ve Cemil Tokp\u0131nar kat\u0131ld\u0131. Yap\u0131lan oturum sonunda s\u00f6zle\u015fme tasla\u011f\u0131nda belirtilen idari maddeler \u00fczerinde ilerleme sa\u011fland\u0131. Kalan maddelerin g\u00f6r\u00fc\u015f\u00fclmesi ise bir sonraki oturuma ertelendi.<\/p>\n","protected":false},"excerpt":{"rendered":"Sendikam\u0131z \u00fcyelerinden Sakarya\u2019ya ba\u011fl\u0131 Serdivan Belediyesi\u2019nde akdedilecek toplu s\u00f6zle\u015fme g\u00f6r\u00fc\u015fmeleri devam ediyor. Sendikam\u0131z ile Hizmet \u0130\u015f Sendikas\u0131 yetkilileri aras\u0131nda ilk [&hellip;]","protected":false},"author":3,"featured_media":3787,"comment_status":"closed","ping_status":"closed","sticky":false,"template":"","format":"standard","meta":{"footnotes":""},"categories":[73,24,25],"tags":[],"class_list":["post-3786","post","type-post","status-publish","format-standard","has-post-thumbnail","hentry","category-bizden-haberler","category-sozlesmeler","category-toplantilar"],"_links":{"self":[{"href":"https:\/\/yerelsen.org.tr\/index.php\/wp-json\/wp\/v2\/posts\/3786","targetHints":{"allow":["GET"]}}],"collection":[{"href":"https:\/\/yerelsen.org.tr\/index.php\/wp-json\/wp\/v2\/posts"}],"about":[{"href":"https:\/\/yerelsen.org.tr\/index.php\/wp-json\/wp\/v2\/types\/post"}],"author":[{"embeddable":true,"href":"https:\/\/yerelsen.org.tr\/index.php\/wp-json\/wp\/v2\/users\/3"}],"replies":[{"embeddable":true,"href":"https:\/\/yerelsen.org.tr\/index.php\/wp-json\/wp\/v2\/comments?post=3786"}],"version-history":[{"count":1,"href":"https:\/\/yerelsen.org.tr\/index.php\/wp-json\/wp\/v2\/posts\/3786\/revisions"}],"predecessor-version":[{"id":3788,"href":"https:\/\/yerelsen.org.tr\/index.php\/wp-json\/wp\/v2\/posts\/3786\/revisions\/3788"}],"wp:featuredmedia":[{"embeddable":true,"href":"https:\/\/yerelsen.org.tr\/index.php\/wp-json\/wp\/v2\/media\/3787"}],"wp:attachment":[{"href":"https:\/\/yerelsen.org.tr\/index.php\/wp-json\/wp\/v2\/media?parent=3786"}],"wp:term":[{"taxonomy":"category","embeddable":true,"href":"https:\/\/yerelsen.org.tr\/index.php\/wp-json\/wp\/v2\/categories?post=3786"},{"taxonomy":"post_tag","embeddable":true,"href":"https:\/\/yerelsen.org.tr\/index.php\/wp-json\/wp\/v2\/tags?post=3786"}],"curies":[{"name":"wp","href":"https:\/\/api.w.org\/{rel}","templated":true}]}}