{"id":3789,"date":"2014-02-21T11:44:39","date_gmt":"2014-02-21T09:44:39","guid":{"rendered":"https:\/\/yerelsen.org.tr\/?p=3789"},"modified":"2014-02-21T11:44:39","modified_gmt":"2014-02-21T09:44:39","slug":"osmangazide-ilk-oturum-heyecani","status":"publish","type":"post","link":"https:\/\/yerelsen.org.tr\/index.php\/osmangazide-ilk-oturum-heyecani\/","title":{"rendered":"OSMANGAZ\u0130\u2019DE \u0130LK OTURUM HEYECANI"},"content":{"rendered":"<p style=\"text-align: justify;\">Sendikam\u0131z\u0131n yeni \u00fcyelerinden Bursa\u2019ya ba\u011fl\u0131 Osmangazi Belediyesi\u2019nde Yerelsen arac\u0131l\u0131\u011f\u0131 ile yap\u0131lan ilk toplu toplu i\u015f s\u00f6zle\u015fmesi g\u00f6r\u00fc\u015fmeleri ba\u015flad\u0131.\u00a0 18 \u015eubat 2014 tarihinde Yerelsen ile Hizmet \u0130\u015f Sendikas\u0131 aras\u0131nda ger\u00e7ekle\u015ftirilen ilk oturum Osmangazi Belediyesi\u2019nde ger\u00e7ekle\u015ftirildi.<\/p>\n<p style=\"text-align: justify;\">G\u00f6r\u00fc\u015fmelere Osmangazi Belediye Ba\u015fkan Yard\u0131mc\u0131s\u0131 Mehmet \u00c7oban, Mali Hizmetler M\u00fcd\u00fcr Vekili Necmi Kuralay, \u0130nsan Kaynaklar\u0131 ve E\u011fitim M\u00fcd\u00fcr Beytullah Seferler ve Hukuk \u0130\u015fleri M\u00fcd\u00fcr Vekili Av. Recep Birinci kat\u0131ld\u0131. \u0130\u015fveren temsilcisi olarak sendikam\u0131z Genel Sekreteri Av. M\u00fcmtaz Uzun, Genel Sekreter Yard\u0131mc\u0131s\u0131 Yahya Bilgin ve sendikam\u0131z uzmanlar\u0131ndan Cemil Tokp\u0131nar\u2019\u0131n yan\u0131 s\u0131ra i\u015f\u00e7i sendikas\u0131 yetkililerinden Hizmet \u0130\u015f Sendikas\u0131 Genel Sekreter Yard\u0131mc\u0131s\u0131 Av. \u0130smail \u00d6zg\u00fcven, Bursa \u015eube Ba\u015fkan\u0131 Ya\u015far Yel \u00a0ile sendika yetkilileri haz\u0131r bulundu.<\/p>\n<p style=\"text-align: justify;\">Yap\u0131lan g\u00f6r\u00fc\u015fme sonunda i\u015f\u00e7i sendikas\u0131 taraf\u0131ndan sunulan 72 maddelik s\u00f6zle\u015fme teklif tasla\u011f\u0131ndaki 29 maddenin kabul edilmesine, kalan maddelerin ise ertelenerek bir sonraki oturumda g\u00f6r\u00fc\u015f\u00fclmesi karar verildi.<\/p>\n","protected":false},"excerpt":{"rendered":"Sendikam\u0131z\u0131n yeni \u00fcyelerinden Bursa\u2019ya ba\u011fl\u0131 Osmangazi Belediyesi\u2019nde Yerelsen arac\u0131l\u0131\u011f\u0131 ile yap\u0131lan ilk toplu toplu i\u015f s\u00f6zle\u015fmesi g\u00f6r\u00fc\u015fmeleri ba\u015flad\u0131.\u00a0 18 \u015eubat [&hellip;]","protected":false},"author":3,"featured_media":3790,"comment_status":"closed","ping_status":"closed","sticky":false,"template":"","format":"standard","meta":{"footnotes":""},"categories":[73,24,25],"tags":[],"class_list":["post-3789","post","type-post","status-publish","format-standard","has-post-thumbnail","hentry","category-bizden-haberler","category-sozlesmeler","category-toplantilar"],"_links":{"self":[{"href":"https:\/\/yerelsen.org.tr\/index.php\/wp-json\/wp\/v2\/posts\/3789","targetHints":{"allow":["GET"]}}],"collection":[{"href":"https:\/\/yerelsen.org.tr\/index.php\/wp-json\/wp\/v2\/posts"}],"about":[{"href":"https:\/\/yerelsen.org.tr\/index.php\/wp-json\/wp\/v2\/types\/post"}],"author":[{"embeddable":true,"href":"https:\/\/yerelsen.org.tr\/index.php\/wp-json\/wp\/v2\/users\/3"}],"replies":[{"embeddable":true,"href":"https:\/\/yerelsen.org.tr\/index.php\/wp-json\/wp\/v2\/comments?post=3789"}],"version-history":[{"count":2,"href":"https:\/\/yerelsen.org.tr\/index.php\/wp-json\/wp\/v2\/posts\/3789\/revisions"}],"predecessor-version":[{"id":3792,"href":"https:\/\/yerelsen.org.tr\/index.php\/wp-json\/wp\/v2\/posts\/3789\/revisions\/3792"}],"wp:featuredmedia":[{"embeddable":true,"href":"https:\/\/yerelsen.org.tr\/index.php\/wp-json\/wp\/v2\/media\/3790"}],"wp:attachment":[{"href":"https:\/\/yerelsen.org.tr\/index.php\/wp-json\/wp\/v2\/media?parent=3789"}],"wp:term":[{"taxonomy":"category","embeddable":true,"href":"https:\/\/yerelsen.org.tr\/index.php\/wp-json\/wp\/v2\/categories?post=3789"},{"taxonomy":"post_tag","embeddable":true,"href":"https:\/\/yerelsen.org.tr\/index.php\/wp-json\/wp\/v2\/tags?post=3789"}],"curies":[{"name":"wp","href":"https:\/\/api.w.org\/{rel}","templated":true}]}}