{"id":3800,"date":"2014-02-27T20:38:43","date_gmt":"2014-02-27T18:38:43","guid":{"rendered":"https:\/\/yerelsen.org.tr\/?p=3800"},"modified":"2014-02-28T13:47:02","modified_gmt":"2014-02-28T11:47:02","slug":"kalecik-belediyesinde-ilk-oturum","status":"publish","type":"post","link":"https:\/\/yerelsen.org.tr\/index.php\/kalecik-belediyesinde-ilk-oturum\/","title":{"rendered":"KALEC\u0130K BELED\u0130YES\u0130\u2019NDE \u0130LK OTURUM"},"content":{"rendered":"<p style=\"text-align: justify;\">Sendikam\u0131z\u0131n yeni \u00fcyelerinden Ankara\u2019ya ba\u011fl\u0131 Kalecik Belediyesi\u2019nde akdedilecek toplu i\u015f s\u00f6zle\u015fmesinin ilk oturumu yap\u0131ld\u0131.\u00a0 24 \u015eubat 2014 tarihinde Yerelsen ile Belediye \u0130\u015f Sendikas\u0131 aras\u0131nda ger\u00e7ekle\u015ftirilen ilk oturum Kalecik Belediyesi\u2019nde ger\u00e7ekle\u015ftirildi.<\/p>\n<p style=\"text-align: justify;\">G\u00f6r\u00fc\u015fmelere Kalecik Belediye Ba\u015fkan Yard\u0131mc\u0131s\u0131 H\u00fcseyin Avni Aslan\u2019\u0131n yan\u0131 s\u0131ra i\u015fveren temsilcisi olarak Genel Sekreter Yard\u0131mc\u0131m\u0131z Yahya Bilgin ve sendikam\u0131z uzmanlar\u0131ndan Cavit Tokp\u0131nar kat\u0131ld\u0131.\u00a0 Toplant\u0131da i\u015f\u00e7i sendikas\u0131 yetkililerinden Belediye \u0130\u015f Sendikas\u0131 \u015eube Ba\u015fkan\u0131 Mehmet G\u00fcng\u00f6ren ile sendika yetkilileri haz\u0131r bulundu.<\/p>\n<p style=\"text-align: justify;\">Yap\u0131lan g\u00f6r\u00fc\u015fme sonunda i\u015f\u00e7i sendikas\u0131 taraf\u0131ndan sunulan 55 maddelik s\u00f6zle\u015fme teklif tasla\u011f\u0131ndaki 25 maddenin kabul edilmesine, kalan maddelerin ise ertelenerek bir sonraki oturumda g\u00f6r\u00fc\u015f\u00fclmesi karar verildi.<\/p>\n","protected":false},"excerpt":{"rendered":"Sendikam\u0131z\u0131n yeni \u00fcyelerinden Ankara\u2019ya ba\u011fl\u0131 Kalecik Belediyesi\u2019nde akdedilecek toplu i\u015f s\u00f6zle\u015fmesinin ilk oturumu yap\u0131ld\u0131.\u00a0 24 \u015eubat 2014 tarihinde Yerelsen ile [&hellip;]","protected":false},"author":3,"featured_media":3802,"comment_status":"closed","ping_status":"closed","sticky":false,"template":"","format":"standard","meta":{"footnotes":""},"categories":[1,24,25],"tags":[],"class_list":["post-3800","post","type-post","status-publish","format-standard","has-post-thumbnail","hentry","category-haberler","category-sozlesmeler","category-toplantilar"],"_links":{"self":[{"href":"https:\/\/yerelsen.org.tr\/index.php\/wp-json\/wp\/v2\/posts\/3800","targetHints":{"allow":["GET"]}}],"collection":[{"href":"https:\/\/yerelsen.org.tr\/index.php\/wp-json\/wp\/v2\/posts"}],"about":[{"href":"https:\/\/yerelsen.org.tr\/index.php\/wp-json\/wp\/v2\/types\/post"}],"author":[{"embeddable":true,"href":"https:\/\/yerelsen.org.tr\/index.php\/wp-json\/wp\/v2\/users\/3"}],"replies":[{"embeddable":true,"href":"https:\/\/yerelsen.org.tr\/index.php\/wp-json\/wp\/v2\/comments?post=3800"}],"version-history":[{"count":3,"href":"https:\/\/yerelsen.org.tr\/index.php\/wp-json\/wp\/v2\/posts\/3800\/revisions"}],"predecessor-version":[{"id":3811,"href":"https:\/\/yerelsen.org.tr\/index.php\/wp-json\/wp\/v2\/posts\/3800\/revisions\/3811"}],"wp:featuredmedia":[{"embeddable":true,"href":"https:\/\/yerelsen.org.tr\/index.php\/wp-json\/wp\/v2\/media\/3802"}],"wp:attachment":[{"href":"https:\/\/yerelsen.org.tr\/index.php\/wp-json\/wp\/v2\/media?parent=3800"}],"wp:term":[{"taxonomy":"category","embeddable":true,"href":"https:\/\/yerelsen.org.tr\/index.php\/wp-json\/wp\/v2\/categories?post=3800"},{"taxonomy":"post_tag","embeddable":true,"href":"https:\/\/yerelsen.org.tr\/index.php\/wp-json\/wp\/v2\/tags?post=3800"}],"curies":[{"name":"wp","href":"https:\/\/api.w.org\/{rel}","templated":true}]}}