{"id":3813,"date":"2014-03-08T00:10:38","date_gmt":"2014-03-07T22:10:38","guid":{"rendered":"https:\/\/yerelsen.org.tr\/?p=3813"},"modified":"2014-03-08T00:10:38","modified_gmt":"2014-03-07T22:10:38","slug":"burhaniyede-coskulu-toren","status":"publish","type":"post","link":"https:\/\/yerelsen.org.tr\/index.php\/burhaniyede-coskulu-toren\/","title":{"rendered":"BURHAN\u0130YE\u2019DE CO\u015eKULU T\u00d6REN"},"content":{"rendered":"<p style=\"text-align: justify;\">Sendikam\u0131z\u0131n yeni \u00fcyelerinden Bal\u0131kesir\u2019e ba\u011fl\u0131 Burhaniye Belediyesi\u2019nde uygulanmak \u00fczere akdedilecek toplu i\u015f s\u00f6zle\u015fmesi g\u00f6r\u00fc\u015fmeleri nihayete erdi. Burhaniye Belediyesi\u2019nde i\u015fveren ad\u0131na g\u00f6r\u00fc\u015fmelere kat\u0131lan sendikam\u0131z ile Genel-\u0130\u015f Sendikas\u0131 aras\u0131nda ger\u00e7ekle\u015fen toplu i\u015f s\u00f6zle\u015fmesi 05 Mart 2014 tarihinde Burhaniye\u2019de d\u00fczenlenen geni\u015f kat\u0131l\u0131ml\u0131 t\u00f6renle imzaland\u0131.<\/p>\n<p style=\"text-align: justify;\"><a href=\"https:\/\/yerelsen.org.tr\/wp-content\/uploads\/2014\/03\/Burhaniye-1710-x-1140.jpg\"><img loading=\"lazy\" decoding=\"async\" class=\"aligncenter size-medium wp-image-3823\" alt=\"Burhaniye (1710 x 1140)\" src=\"https:\/\/yerelsen.org.tr\/wp-content\/uploads\/2014\/03\/Burhaniye-1710-x-1140-620x413.jpg\" width=\"620\" height=\"413\" srcset=\"https:\/\/yerelsen.org.tr\/wp-content\/uploads\/2014\/03\/Burhaniye-1710-x-1140-620x413.jpg 620w, https:\/\/yerelsen.org.tr\/wp-content\/uploads\/2014\/03\/Burhaniye-1710-x-1140-850x566.jpg 850w, https:\/\/yerelsen.org.tr\/wp-content\/uploads\/2014\/03\/Burhaniye-1710-x-1140.jpg 1710w\" sizes=\"auto, (max-width: 620px) 100vw, 620px\" \/><\/a><\/p>\n<p style=\"text-align: justify;\">Belediye \u00e7al\u0131\u015fanlar\u0131 taraf\u0131ndan ilgiyle takip edilen t\u00f6rene Burhaniye Belediye Ba\u015fkan\u0131 Fikret Akova, CHP Bal\u0131kesir Milletvekili Ay\u015fe Nedret Akova ve belediye birim amirlerinin yan\u0131 s\u0131ra sendikam\u0131zdan Genel Sekreterimiz Av. M\u00fcmtaz Uzun, Yahya Bilgi ve Yavuz Alt\u0131n\u0131\u015f\u0131k kat\u0131ld\u0131. Kat\u0131l\u0131m\u0131n yo\u011fun oldu\u011fu t\u00f6rende Disk Genel Ba\u015fkan\u0131 Kani Beko\u2019nun yan\u0131 s\u0131ra, Genel \u0130\u015f Sendikas\u0131 Toplu S\u00f6zle\u015fme Daire Ba\u015fkan\u0131 Mehmet G\u00fclery\u00fcz, Genel \u0130\u015f Sendikas\u0131 E\u011fitim Daire Ba\u015fkan\u0131 H\u00fcseyin Yaman ve sendika temsilcileri de haz\u0131r bulundu.<\/p>\n<p style=\"text-align: justify;\"><a href=\"https:\/\/yerelsen.org.tr\/wp-content\/uploads\/2014\/03\/Burhaniye4-1710-x-876.jpg\"><img loading=\"lazy\" decoding=\"async\" class=\"aligncenter size-medium wp-image-3819\" alt=\"Burhaniye4 (1710 x 876)\" src=\"https:\/\/yerelsen.org.tr\/wp-content\/uploads\/2014\/03\/Burhaniye4-1710-x-876-620x317.jpg\" width=\"620\" height=\"317\" srcset=\"https:\/\/yerelsen.org.tr\/wp-content\/uploads\/2014\/03\/Burhaniye4-1710-x-876-620x317.jpg 620w, https:\/\/yerelsen.org.tr\/wp-content\/uploads\/2014\/03\/Burhaniye4-1710-x-876-850x435.jpg 850w, https:\/\/yerelsen.org.tr\/wp-content\/uploads\/2014\/03\/Burhaniye4-1710-x-876.jpg 1710w\" sizes=\"auto, (max-width: 620px) 100vw, 620px\" \/><\/a><\/p>\n<p style=\"text-align: justify;\">2 y\u0131ll\u0131k olarak ger\u00e7ekle\u015ftirilen s\u00f6zle\u015fmenin imza t\u00f6reninde\u00a0konu\u015fma yapan Disk Genel Ba\u015fkan\u0131 Kani Beko, Burhaniye Belediyesi i\u015f\u00e7ilerine, ald\u0131klar\u0131 her kuru\u015fun helal olmas\u0131n\u0131 dileyerek Belediye Ba\u015fkan\u0131 Fikret Akova&#8217;y\u0131, i\u015f\u00e7ilere verdi\u011fi \u00f6nemden dolay\u0131 kutlad\u0131.<\/p>\n<p style=\"text-align: justify;\">Beko\u2019dan sonra s\u00f6z alan Burhaniye Belediye Ba\u015fkan\u0131 Fikret Akova, i\u015f\u00e7ilerin ald\u0131klar\u0131 her kuru\u015fun analar\u0131n\u0131n ak s\u00fct\u00fc gibi helal olmas\u0131n\u0131 diledi.<\/p>\n<p style=\"text-align: justify;\"><a href=\"https:\/\/yerelsen.org.tr\/wp-content\/uploads\/2014\/03\/Burhaniye2-1710-x-1140.jpg\"><img loading=\"lazy\" decoding=\"async\" class=\"aligncenter size-medium wp-image-3818\" alt=\"Burhaniye2 (1710 x 1140)\" src=\"https:\/\/yerelsen.org.tr\/wp-content\/uploads\/2014\/03\/Burhaniye2-1710-x-1140-620x413.jpg\" width=\"620\" height=\"413\" srcset=\"https:\/\/yerelsen.org.tr\/wp-content\/uploads\/2014\/03\/Burhaniye2-1710-x-1140-620x413.jpg 620w, https:\/\/yerelsen.org.tr\/wp-content\/uploads\/2014\/03\/Burhaniye2-1710-x-1140-850x566.jpg 850w, https:\/\/yerelsen.org.tr\/wp-content\/uploads\/2014\/03\/Burhaniye2-1710-x-1140.jpg 1710w\" sizes=\"auto, (max-width: 620px) 100vw, 620px\" \/><\/a><\/p>\n<p style=\"text-align: justify;\">\n<p style=\"text-align: justify;\"><a href=\"https:\/\/yerelsen.org.tr\/wp-content\/uploads\/2014\/03\/BURHAN\u0130YE..-1626-x-1140.jpg\"><img loading=\"lazy\" decoding=\"async\" class=\"aligncenter size-medium wp-image-3820\" alt=\"BURHAN\u0130YE.. (1626 x 1140)\" src=\"https:\/\/yerelsen.org.tr\/wp-content\/uploads\/2014\/03\/BURHAN\u0130YE..-1626-x-1140-620x434.jpg\" width=\"620\" height=\"434\" srcset=\"https:\/\/yerelsen.org.tr\/wp-content\/uploads\/2014\/03\/BURHAN\u0130YE..-1626-x-1140-620x434.jpg 620w, https:\/\/yerelsen.org.tr\/wp-content\/uploads\/2014\/03\/BURHAN\u0130YE..-1626-x-1140-850x595.jpg 850w, https:\/\/yerelsen.org.tr\/wp-content\/uploads\/2014\/03\/BURHAN\u0130YE..-1626-x-1140.jpg 1626w\" sizes=\"auto, (max-width: 620px) 100vw, 620px\" \/><\/a><\/p>\n<p style=\"text-align: justify;\">\n<p style=\"text-align: justify;\"><a href=\"https:\/\/yerelsen.org.tr\/wp-content\/uploads\/2014\/03\/Burhaniye2-1710-x-1140.jpg\"><img loading=\"lazy\" decoding=\"async\" class=\"aligncenter size-medium wp-image-3818\" alt=\"Burhaniye2 (1710 x 1140)\" src=\"https:\/\/yerelsen.org.tr\/wp-content\/uploads\/2014\/03\/Burhaniye2-1710-x-1140-620x413.jpg\" width=\"620\" height=\"413\" srcset=\"https:\/\/yerelsen.org.tr\/wp-content\/uploads\/2014\/03\/Burhaniye2-1710-x-1140-620x413.jpg 620w, https:\/\/yerelsen.org.tr\/wp-content\/uploads\/2014\/03\/Burhaniye2-1710-x-1140-850x566.jpg 850w, https:\/\/yerelsen.org.tr\/wp-content\/uploads\/2014\/03\/Burhaniye2-1710-x-1140.jpg 1710w\" sizes=\"auto, (max-width: 620px) 100vw, 620px\" \/><\/a><\/p>\n","protected":false},"excerpt":{"rendered":"Sendikam\u0131z\u0131n yeni \u00fcyelerinden Bal\u0131kesir\u2019e ba\u011fl\u0131 Burhaniye Belediyesi\u2019nde uygulanmak \u00fczere akdedilecek toplu i\u015f s\u00f6zle\u015fmesi g\u00f6r\u00fc\u015fmeleri nihayete erdi. Burhaniye Belediyesi\u2019nde i\u015fveren ad\u0131na [&hellip;]","protected":false},"author":3,"featured_media":3819,"comment_status":"closed","ping_status":"closed","sticky":false,"template":"","format":"standard","meta":{"footnotes":""},"categories":[1,24,25],"tags":[],"class_list":["post-3813","post","type-post","status-publish","format-standard","has-post-thumbnail","hentry","category-haberler","category-sozlesmeler","category-toplantilar"],"_links":{"self":[{"href":"https:\/\/yerelsen.org.tr\/index.php\/wp-json\/wp\/v2\/posts\/3813","targetHints":{"allow":["GET"]}}],"collection":[{"href":"https:\/\/yerelsen.org.tr\/index.php\/wp-json\/wp\/v2\/posts"}],"about":[{"href":"https:\/\/yerelsen.org.tr\/index.php\/wp-json\/wp\/v2\/types\/post"}],"author":[{"embeddable":true,"href":"https:\/\/yerelsen.org.tr\/index.php\/wp-json\/wp\/v2\/users\/3"}],"replies":[{"embeddable":true,"href":"https:\/\/yerelsen.org.tr\/index.php\/wp-json\/wp\/v2\/comments?post=3813"}],"version-history":[{"count":3,"href":"https:\/\/yerelsen.org.tr\/index.php\/wp-json\/wp\/v2\/posts\/3813\/revisions"}],"predecessor-version":[{"id":3825,"href":"https:\/\/yerelsen.org.tr\/index.php\/wp-json\/wp\/v2\/posts\/3813\/revisions\/3825"}],"wp:featuredmedia":[{"embeddable":true,"href":"https:\/\/yerelsen.org.tr\/index.php\/wp-json\/wp\/v2\/media\/3819"}],"wp:attachment":[{"href":"https:\/\/yerelsen.org.tr\/index.php\/wp-json\/wp\/v2\/media?parent=3813"}],"wp:term":[{"taxonomy":"category","embeddable":true,"href":"https:\/\/yerelsen.org.tr\/index.php\/wp-json\/wp\/v2\/categories?post=3813"},{"taxonomy":"post_tag","embeddable":true,"href":"https:\/\/yerelsen.org.tr\/index.php\/wp-json\/wp\/v2\/tags?post=3813"}],"curies":[{"name":"wp","href":"https:\/\/api.w.org\/{rel}","templated":true}]}}