{"id":3844,"date":"2014-04-02T09:56:55","date_gmt":"2014-04-02T07:56:55","guid":{"rendered":"https:\/\/yerelsen.org.tr\/?p=3844"},"modified":"2014-04-02T09:56:55","modified_gmt":"2014-04-02T07:56:55","slug":"adapazarinda-yuzler-guldu","status":"publish","type":"post","link":"https:\/\/yerelsen.org.tr\/index.php\/adapazarinda-yuzler-guldu\/","title":{"rendered":"ADAPAZARI&#8217;NDA Y\u00dcZLER G\u00dcLD\u00dc"},"content":{"rendered":"<p style=\"text-align: justify;\">Sendikam\u0131z \u00fcyelerinden Adapazar\u0131 Belediyesi\u2019nde, 96 belediye \u00e7al\u0131\u015fan\u0131n\u0131 ilgilendiren toplu i\u015f s\u00f6zle\u015fmesi taraflar\u0131n kar\u015f\u0131l\u0131kl\u0131 anla\u015fmas\u0131yla masada bitti. \u0130lk oturumuna 27 Ocak 2014 tarihinde ba\u015flanan s\u00f6zle\u015fmenin imza t\u00f6reni 11 Mart 2014 tarihinde Adapazar\u0131 Belediyesi Meclis Salonu\u2019nda yap\u0131ld\u0131.<\/p>\n<p style=\"text-align: justify;\"><a href=\"https:\/\/yerelsen.org.tr\/wp-content\/uploads\/2014\/04\/\u0130\u015e\u00c7\u0130-17-839-x-559.jpg\"><img loading=\"lazy\" decoding=\"async\" class=\"aligncenter size-medium wp-image-3847\" alt=\"\u0130\u015e\u00c7\u0130 (17) (839 x 559)\" src=\"https:\/\/yerelsen.org.tr\/wp-content\/uploads\/2014\/04\/\u0130\u015e\u00c7\u0130-17-839-x-559-620x413.jpg\" width=\"620\" height=\"413\" srcset=\"https:\/\/yerelsen.org.tr\/wp-content\/uploads\/2014\/04\/\u0130\u015e\u00c7\u0130-17-839-x-559-620x413.jpg 620w, https:\/\/yerelsen.org.tr\/wp-content\/uploads\/2014\/04\/\u0130\u015e\u00c7\u0130-17-839-x-559.jpg 839w\" sizes=\"auto, (max-width: 620px) 100vw, 620px\" \/><\/a><\/p>\n<p style=\"text-align: justify;\">Sendikam\u0131z ile Hizmet \u0130\u015f Sendikas\u0131 aras\u0131nda 2 y\u0131ll\u0131\u011f\u0131na d\u00fczenlenen toplu i\u015f s\u00f6zle\u015fmesi imza t\u00f6renine Adapazar\u0131 Belediye Ba\u015fkan\u0131 S\u00fcleyman Di\u015fli, Ba\u015fkan Yard\u0131mc\u0131s\u0131 R\u0131dvan \u00d6z\u00fcm, \u0130nsan Kaynaklar\u0131 ve E\u011fitim M\u00fcd\u00fcr\u00fc Ahmet \u00d6ks\u00fczali ve Mali Hizmetler M\u00fcd\u00fcr\u00fc Osman Nuri Eker kat\u0131ld\u0131. \u00a0Genel Sekreterimiz M\u00fcmtaz Uzun ve sendika uzmanlar\u0131m\u0131z\u0131n haz\u0131r bulundu\u011fu toplant\u0131ya Hizmet \u0130\u015f Sendikas\u0131\u2019ndan Sakarya \u015eube Ba\u015fkan\u0131 Mehmet Mesut G\u00f6kdemir ve sendika temsilcileri de i\u015ftirak ettiler.<\/p>\n<p style=\"text-align: justify;\">Yo\u011fun kat\u0131l\u0131m\u0131n g\u00f6zlendi\u011fi t\u00f6ren \u00f6ncesinde konu\u015fma yapan Ba\u015fkan Di\u015fli, iki y\u0131ll\u0131\u011f\u0131na yap\u0131lan s\u00f6zle\u015fmenin her iki taraf\u0131 da memnun edecek bir i\u00e7erikte oldu\u011funu vurgulayarak s\u00f6zle\u015fmenin herkese hay\u0131rl\u0131 olmas\u0131n\u0131 diledi.<\/p>\n<p style=\"text-align: justify;\">Ba\u015fkan S\u00fcleyman Di\u015fli\u2019nin konu\u015fmas\u0131ndan sonra sonra 78 maddeden olu\u015fan toplu i\u015f s\u00f6zle\u015fmesi taraflar\u0131n imzas\u0131yla y\u00fcr\u00fcrl\u00fc\u011fe girdi.<\/p>\n<p style=\"text-align: justify;\"><a href=\"https:\/\/yerelsen.org.tr\/wp-content\/uploads\/2014\/04\/\u0130\u015e\u00c7\u0130-1-839-x-559.jpg\"><img loading=\"lazy\" decoding=\"async\" class=\"aligncenter size-medium wp-image-3846\" alt=\"\u0130\u015e\u00c7\u0130 (1) (839 x 559)\" src=\"https:\/\/yerelsen.org.tr\/wp-content\/uploads\/2014\/04\/\u0130\u015e\u00c7\u0130-1-839-x-559-620x413.jpg\" width=\"620\" height=\"413\" srcset=\"https:\/\/yerelsen.org.tr\/wp-content\/uploads\/2014\/04\/\u0130\u015e\u00c7\u0130-1-839-x-559-620x413.jpg 620w, https:\/\/yerelsen.org.tr\/wp-content\/uploads\/2014\/04\/\u0130\u015e\u00c7\u0130-1-839-x-559.jpg 839w\" sizes=\"auto, (max-width: 620px) 100vw, 620px\" \/><\/a><\/p>\n","protected":false},"excerpt":{"rendered":"Sendikam\u0131z \u00fcyelerinden Adapazar\u0131 Belediyesi\u2019nde, 96 belediye \u00e7al\u0131\u015fan\u0131n\u0131 ilgilendiren toplu i\u015f s\u00f6zle\u015fmesi taraflar\u0131n kar\u015f\u0131l\u0131kl\u0131 anla\u015fmas\u0131yla masada bitti. \u0130lk oturumuna 27 Ocak [&hellip;]","protected":false},"author":3,"featured_media":3845,"comment_status":"closed","ping_status":"closed","sticky":false,"template":"","format":"standard","meta":{"footnotes":""},"categories":[1,24,25],"tags":[],"class_list":["post-3844","post","type-post","status-publish","format-standard","has-post-thumbnail","hentry","category-haberler","category-sozlesmeler","category-toplantilar"],"_links":{"self":[{"href":"https:\/\/yerelsen.org.tr\/index.php\/wp-json\/wp\/v2\/posts\/3844","targetHints":{"allow":["GET"]}}],"collection":[{"href":"https:\/\/yerelsen.org.tr\/index.php\/wp-json\/wp\/v2\/posts"}],"about":[{"href":"https:\/\/yerelsen.org.tr\/index.php\/wp-json\/wp\/v2\/types\/post"}],"author":[{"embeddable":true,"href":"https:\/\/yerelsen.org.tr\/index.php\/wp-json\/wp\/v2\/users\/3"}],"replies":[{"embeddable":true,"href":"https:\/\/yerelsen.org.tr\/index.php\/wp-json\/wp\/v2\/comments?post=3844"}],"version-history":[{"count":2,"href":"https:\/\/yerelsen.org.tr\/index.php\/wp-json\/wp\/v2\/posts\/3844\/revisions"}],"predecessor-version":[{"id":3849,"href":"https:\/\/yerelsen.org.tr\/index.php\/wp-json\/wp\/v2\/posts\/3844\/revisions\/3849"}],"wp:featuredmedia":[{"embeddable":true,"href":"https:\/\/yerelsen.org.tr\/index.php\/wp-json\/wp\/v2\/media\/3845"}],"wp:attachment":[{"href":"https:\/\/yerelsen.org.tr\/index.php\/wp-json\/wp\/v2\/media?parent=3844"}],"wp:term":[{"taxonomy":"category","embeddable":true,"href":"https:\/\/yerelsen.org.tr\/index.php\/wp-json\/wp\/v2\/categories?post=3844"},{"taxonomy":"post_tag","embeddable":true,"href":"https:\/\/yerelsen.org.tr\/index.php\/wp-json\/wp\/v2\/tags?post=3844"}],"curies":[{"name":"wp","href":"https:\/\/api.w.org\/{rel}","templated":true}]}}