{"id":3923,"date":"2014-05-09T08:37:17","date_gmt":"2014-05-09T06:37:17","guid":{"rendered":"https:\/\/yerelsen.org.tr\/?p=3923"},"modified":"2014-05-09T08:37:17","modified_gmt":"2014-05-09T06:37:17","slug":"kartepede-imzalar-atildi","status":"publish","type":"post","link":"https:\/\/yerelsen.org.tr\/index.php\/kartepede-imzalar-atildi\/","title":{"rendered":"KARTEPE\u2019DE \u0130MZALAR ATILDI"},"content":{"rendered":"<p style=\"text-align: justify;\">Sendikam\u0131z\u0131n yeni \u00fcyelerinden Kartepe Belediyesi\u2019nde uygulanmak \u00fczere akdedilecek toplu i\u015f s\u00f6zle\u015fmesi g\u00f6r\u00fc\u015fmeleri sona erdi. Kartepe Belediyesi\u2019nde i\u015fveren ad\u0131na g\u00f6r\u00fc\u015fmelere kat\u0131lan sendikam\u0131z ile Belediye-\u0130\u015f Sendikas\u0131 aras\u0131nda ger\u00e7ekle\u015fen toplu i\u015f s\u00f6zle\u015fmesi 07 May\u0131s 2014 tarihinde Kartepe Belediyesi toplant\u0131 salonunda yap\u0131lan t\u00f6renle imzaland\u0131.<\/p>\n<p style=\"text-align: justify;\">T\u00f6rene Kartepe Belediye Ba\u015fkan\u0131 H\u00fcseyin \u00dcz\u00fclmez, Genel Sekreterimiz Av. M\u00fcmtaz Uzun, sendikam\u0131z uzmanlar\u0131ndan Yahya Bilgin, Mete Bilgin ve Cavit Tokp\u0131nar kat\u0131ld\u0131.\u00a0 Belediye \u0130\u015f Sendikas\u0131 \u015eube Ba\u015fkan\u0131 Osman \u015ear ve sendika temsilcilerinin de haz\u0131r bulundu\u011fu t\u00f6ren at\u0131lan imzalarla sona erdi.<\/p>\n<p style=\"text-align: justify;\">\u00dc\u00e7 y\u0131ll\u0131\u011f\u0131na d\u00fczenlenen ve 6o maddeden olu\u015fan s\u00f6zle\u015fmenin imzalanmas\u0131 sonras\u0131nda bir a\u00e7\u0131klama yapan ba\u015fkan \u00dcz\u00fclmez yap\u0131lan s\u00f6zle\u015fmenin her iki taraf\u0131 da g\u00f6zeten bir s\u00f6zle\u015fme oldu\u011funu s\u00f6yleyerek t\u00fcm \u00e7al\u0131\u015fanlara hay\u0131rl\u0131 u\u011furlu olmas\u0131n\u0131 diledi.<\/p>\n<p style=\"text-align: justify;\"><a href=\"https:\/\/yerelsen.org.tr\/wp-content\/uploads\/2014\/05\/DSC_5711-1626-x-1077.jpg\"><img loading=\"lazy\" decoding=\"async\" class=\"aligncenter size-medium wp-image-3926\" alt=\"DSC_5711 (1626 x 1077)\" src=\"https:\/\/yerelsen.org.tr\/wp-content\/uploads\/2014\/05\/DSC_5711-1626-x-1077-620x410.jpg\" width=\"620\" height=\"410\" srcset=\"https:\/\/yerelsen.org.tr\/wp-content\/uploads\/2014\/05\/DSC_5711-1626-x-1077-620x410.jpg 620w, https:\/\/yerelsen.org.tr\/wp-content\/uploads\/2014\/05\/DSC_5711-1626-x-1077-850x563.jpg 850w, https:\/\/yerelsen.org.tr\/wp-content\/uploads\/2014\/05\/DSC_5711-1626-x-1077.jpg 1626w\" sizes=\"auto, (max-width: 620px) 100vw, 620px\" \/><a href=\"https:\/\/yerelsen.org.tr\/wp-content\/uploads\/2014\/05\/DSC_5710-1626-x-1077.jpg\"><img loading=\"lazy\" decoding=\"async\" class=\"aligncenter size-medium wp-image-3924\" alt=\"DSC_5710 (1626 x 1077)\" src=\"https:\/\/yerelsen.org.tr\/wp-content\/uploads\/2014\/05\/DSC_5710-1626-x-1077-620x410.jpg\" width=\"620\" height=\"410\" srcset=\"https:\/\/yerelsen.org.tr\/wp-content\/uploads\/2014\/05\/DSC_5710-1626-x-1077-620x410.jpg 620w, https:\/\/yerelsen.org.tr\/wp-content\/uploads\/2014\/05\/DSC_5710-1626-x-1077-850x563.jpg 850w, https:\/\/yerelsen.org.tr\/wp-content\/uploads\/2014\/05\/DSC_5710-1626-x-1077.jpg 1626w\" sizes=\"auto, (max-width: 620px) 100vw, 620px\" \/><\/a><\/a><\/p>\n","protected":false},"excerpt":{"rendered":"Sendikam\u0131z\u0131n yeni \u00fcyelerinden Kartepe Belediyesi\u2019nde uygulanmak \u00fczere akdedilecek toplu i\u015f s\u00f6zle\u015fmesi g\u00f6r\u00fc\u015fmeleri sona erdi. Kartepe Belediyesi\u2019nde i\u015fveren ad\u0131na g\u00f6r\u00fc\u015fmelere kat\u0131lan [&hellip;]","protected":false},"author":3,"featured_media":3927,"comment_status":"closed","ping_status":"closed","sticky":false,"template":"","format":"standard","meta":{"footnotes":""},"categories":[1,24,25],"tags":[],"class_list":["post-3923","post","type-post","status-publish","format-standard","has-post-thumbnail","hentry","category-haberler","category-sozlesmeler","category-toplantilar"],"_links":{"self":[{"href":"https:\/\/yerelsen.org.tr\/index.php\/wp-json\/wp\/v2\/posts\/3923","targetHints":{"allow":["GET"]}}],"collection":[{"href":"https:\/\/yerelsen.org.tr\/index.php\/wp-json\/wp\/v2\/posts"}],"about":[{"href":"https:\/\/yerelsen.org.tr\/index.php\/wp-json\/wp\/v2\/types\/post"}],"author":[{"embeddable":true,"href":"https:\/\/yerelsen.org.tr\/index.php\/wp-json\/wp\/v2\/users\/3"}],"replies":[{"embeddable":true,"href":"https:\/\/yerelsen.org.tr\/index.php\/wp-json\/wp\/v2\/comments?post=3923"}],"version-history":[{"count":2,"href":"https:\/\/yerelsen.org.tr\/index.php\/wp-json\/wp\/v2\/posts\/3923\/revisions"}],"predecessor-version":[{"id":3930,"href":"https:\/\/yerelsen.org.tr\/index.php\/wp-json\/wp\/v2\/posts\/3923\/revisions\/3930"}],"wp:featuredmedia":[{"embeddable":true,"href":"https:\/\/yerelsen.org.tr\/index.php\/wp-json\/wp\/v2\/media\/3927"}],"wp:attachment":[{"href":"https:\/\/yerelsen.org.tr\/index.php\/wp-json\/wp\/v2\/media?parent=3923"}],"wp:term":[{"taxonomy":"category","embeddable":true,"href":"https:\/\/yerelsen.org.tr\/index.php\/wp-json\/wp\/v2\/categories?post=3923"},{"taxonomy":"post_tag","embeddable":true,"href":"https:\/\/yerelsen.org.tr\/index.php\/wp-json\/wp\/v2\/tags?post=3923"}],"curies":[{"name":"wp","href":"https:\/\/api.w.org\/{rel}","templated":true}]}}